{"id":3491,"date":"2025-02-05T11:12:11","date_gmt":"2025-02-05T09:12:11","guid":{"rendered":"https:\/\/mimaos.com\/blog\/?p=3491"},"modified":"2025-01-16T11:34:51","modified_gmt":"2025-01-16T09:34:51","slug":"complementos-alimenticios-para-el-sistema-inmunologico-refuerza-tus-defensas-naturalmente","status":"publish","type":"post","link":"https:\/\/mimaos.com\/blog\/complementos-alimenticios-para-el-sistema-inmunologico-refuerza-tus-defensas-naturalmente\/","title":{"rendered":"Complementos Alimenticios para el Sistema Inmunol\u00f3gico: Refuerza tus Defensas Naturalmente"},"content":{"rendered":"<p>En un mundo cada vez m\u00e1s exigente, cuidar de nuestra salud es m\u00e1s importante que nunca. Nuestro sistema inmunol\u00f3gico es nuestra primera l\u00ednea de defensa contra enfermedades y virus. <strong>\u00bfSab\u00edas que los complementos alimenticios pueden ayudarte a fortalecer tus defensas de forma natural?<\/strong><!--more--><\/p>\n<div id=\"ez-toc-container\" class=\"ez-toc-v2_0_76 ez-toc-wrap-center counter-hierarchy ez-toc-counter ez-toc-custom ez-toc-container-direction\">\n<div class=\"ez-toc-title-container\">\n<p class=\"ez-toc-title ez-toc-toggle\" style=\"cursor:pointer\">Navegaci\u00f3n r\u00e1pida<\/p>\n<span class=\"ez-toc-title-toggle\"><a href=\"#\" class=\"ez-toc-pull-right ez-toc-btn ez-toc-btn-xs ez-toc-btn-default ez-toc-toggle\" aria-label=\"Alternar tabla de contenidos\"><span class=\"ez-toc-js-icon-con\"><span class=\"\"><span class=\"eztoc-hide\" style=\"display:none;\">Toggle<\/span><span class=\"ez-toc-icon-toggle-span\"><svg style=\"fill: #00a3b3;color:#00a3b3\" xmlns=\"http:\/\/www.w3.org\/2000\/svg\" class=\"list-377408\" width=\"20px\" height=\"20px\" viewBox=\"0 0 24 24\" fill=\"none\"><path d=\"M6 6H4v2h2V6zm14 0H8v2h12V6zM4 11h2v2H4v-2zm16 0H8v2h12v-2zM4 16h2v2H4v-2zm16 0H8v2h12v-2z\" fill=\"currentColor\"><\/path><\/svg><svg style=\"fill: #00a3b3;color:#00a3b3\" class=\"arrow-unsorted-368013\" xmlns=\"http:\/\/www.w3.org\/2000\/svg\" width=\"10px\" height=\"10px\" viewBox=\"0 0 24 24\" version=\"1.2\" baseProfile=\"tiny\"><path d=\"M18.2 9.3l-6.2-6.3-6.2 6.3c-.2.2-.3.4-.3.7s.1.5.3.7c.2.2.4.3.7.3h11c.3 0 .5-.1.7-.3.2-.2.3-.5.3-.7s-.1-.5-.3-.7zM5.8 14.7l6.2 6.3 6.2-6.3c.2-.2.3-.5.3-.7s-.1-.5-.3-.7c-.2-.2-.4-.3-.7-.3h-11c-.3 0-.5.1-.7.3-.2.2-.3.5-.3.7s.1.5.3.7z\"\/><\/svg><\/span><\/span><\/span><\/a><\/span><\/div>\n<nav><ul class='ez-toc-list ez-toc-list-level-1 ' ><li class='ez-toc-page-1 ez-toc-heading-level-3'><a class=\"ez-toc-link ez-toc-heading-1\" href=\"https:\/\/mimaos.com\/blog\/complementos-alimenticios-para-el-sistema-inmunologico-refuerza-tus-defensas-naturalmente\/#%C2%BFPor-que-son-importantes-los-complementos-alimenticios-para-el-sistema-inmunologico\" >\u00bfPor qu\u00e9 son importantes los complementos alimenticios para el sistema inmunol\u00f3gico?<\/a><ul class='ez-toc-list-level-4' ><li class='ez-toc-heading-level-4'><a class=\"ez-toc-link ez-toc-heading-2\" href=\"https:\/\/mimaos.com\/blog\/complementos-alimenticios-para-el-sistema-inmunologico-refuerza-tus-defensas-naturalmente\/#Beneficios-de-los-complementos-para-el-sistema-inmunologico\" >Beneficios de los complementos para el sistema inmunol\u00f3gico:<\/a><\/li><\/ul><\/li><li class='ez-toc-page-1 ez-toc-heading-level-3'><a class=\"ez-toc-link ez-toc-heading-3\" href=\"https:\/\/mimaos.com\/blog\/complementos-alimenticios-para-el-sistema-inmunologico-refuerza-tus-defensas-naturalmente\/#%C2%BFQue-complementos-alimenticios-son-los-mas-adecuados-para-fortalecer-las-defensas\" >\u00bfQu\u00e9 complementos alimenticios son los m\u00e1s adecuados para fortalecer las defensas?<\/a><ul class='ez-toc-list-level-4' ><li class='ez-toc-heading-level-4'><a class=\"ez-toc-link ez-toc-heading-4\" href=\"https:\/\/mimaos.com\/blog\/complementos-alimenticios-para-el-sistema-inmunologico-refuerza-tus-defensas-naturalmente\/#%C2%BFComo-elegir-el-complemento-alimenticio-adecuado\" >\u00bfC\u00f3mo elegir el complemento alimenticio adecuado?<\/a><\/li><\/ul><\/li><\/ul><\/nav><\/div>\n<h3><span class=\"ez-toc-section\" id=\"%C2%BFPor-que-son-importantes-los-complementos-alimenticios-para-el-sistema-inmunologico\"><\/span>\u00bfPor qu\u00e9 son importantes los complementos alimenticios para el sistema inmunol\u00f3gico?<span class=\"ez-toc-section-end\"><\/span><\/h3>\n<p>Una dieta equilibrada es fundamental para un sistema inmunol\u00f3gico fuerte. Sin embargo, en ocasiones, nuestra alimentaci\u00f3n puede no aportar todos los nutrientes que necesitamos. Los complementos alimenticios pueden cubrir estas carencias y ayudar a optimizar el funcionamiento de nuestras defensas.<\/p>\n<h4><span class=\"ez-toc-section\" id=\"Beneficios-de-los-complementos-para-el-sistema-inmunologico\"><\/span>Beneficios de los complementos para el sistema inmunol\u00f3gico:<span class=\"ez-toc-section-end\"><\/span><\/h4>\n<ul>\n<li>Mayor resistencia a infecciones: Al fortalecer tus defensas, estar\u00e1s menos propenso a caer enfermo.<\/li>\n<li>Recuperaci\u00f3n m\u00e1s r\u00e1pida: En caso de enfermar, tu cuerpo podr\u00e1 recuperarse m\u00e1s r\u00e1pidamente.<\/li>\n<li>Bienestar general: Un sistema inmunol\u00f3gico fuerte contribuye a una mejor calidad de vida.<\/li>\n<\/ul>\n<h3><span class=\"ez-toc-section\" id=\"%C2%BFQue-complementos-alimenticios-son-los-mas-adecuados-para-fortalecer-las-defensas\"><\/span>\u00bfQu\u00e9 complementos alimenticios son los m\u00e1s adecuados para fortalecer las defensas?<span class=\"ez-toc-section-end\"><\/span><\/h3>\n<p>Existen numerosos complementos alimenticios que pueden ayudarte a reforzar tu sistema inmunol\u00f3gico. Algunos de los m\u00e1s populares y eficaces son:<\/p>\n<ul>\n<li><strong>Vitamina C:<\/strong> Es un potente antioxidante que ayuda a estimular la producci\u00f3n de c\u00e9lulas inmunitarias.<\/li>\n<li><strong>Vitamina D:<\/strong> Es esencial para la funci\u00f3n de las c\u00e9lulas inmunitarias y ayuda a reducir la inflamaci\u00f3n.<\/li>\n<li><strong>Zinc:<\/strong> Contribuye al funcionamiento normal del sistema inmunol\u00f3gico y ayuda a proteger las c\u00e9lulas del da\u00f1o.<\/li>\n<li><strong>Selenio:<\/strong> Es un antioxidante que ayuda a proteger las c\u00e9lulas del da\u00f1o y a fortalecer el sistema inmunol\u00f3gico.<\/li>\n<li><strong>Probi\u00f3ticos:<\/strong> Son bacterias beneficiosas que ayudan a mantener un equilibrio saludable en la flora intestinal y fortalecen el sistema inmunol\u00f3gico.<\/li>\n<\/ul>\n<p><a href=\"https:\/\/mimaos.com\/producto\/redoxon-vitamina-c-1000-mg-sabor-limon-30-comprimidos-efervescentes\/\"><img loading=\"lazy\" decoding=\"async\" class=\"alignnone wp-image-3494\" src=\"https:\/\/mimaos.com\/blog\/wp-content\/uploads\/2025\/01\/159325-768x1024.jpg\" alt=\"\" width=\"341\" height=\"454\" srcset=\"https:\/\/mimaos.com\/blog\/wp-content\/uploads\/2025\/01\/159325-768x1024.jpg 768w, https:\/\/mimaos.com\/blog\/wp-content\/uploads\/2025\/01\/159325-225x300.jpg 225w, https:\/\/mimaos.com\/blog\/wp-content\/uploads\/2025\/01\/159325.jpg 900w\" sizes=\"auto, (max-width: 341px) 100vw, 341px\" \/>\u00a0\u00a0<\/a> <a href=\"https:\/\/mimaos.com\/producto\/aquilea-vitamina-c-zinc-14-comprimidos-efervescentes\/\"><img loading=\"lazy\" decoding=\"async\" class=\"alignnone wp-image-3495\" src=\"https:\/\/mimaos.com\/blog\/wp-content\/uploads\/2025\/01\/1807391-768x1024.jpg\" alt=\"\" width=\"419\" height=\"512\" \/>\u00a0\u00a0\u00a0\u00a0<\/a> <a href=\"https:\/\/mimaos.com\/producto\/drasanvi-inmunol-36-cpsulas\/\"><img loading=\"lazy\" decoding=\"async\" class=\"alignnone wp-image-3496\" src=\"https:\/\/mimaos.com\/blog\/wp-content\/uploads\/2025\/01\/171770-768x1024.jpg\" alt=\"\" width=\"395\" height=\"533\" \/><\/a>\u00a0 \u00a0 <a href=\"https:\/\/mimaos.com\/producto\/cantabria-inmunoferon-90-sobres\/\"><img loading=\"lazy\" decoding=\"async\" class=\"alignnone wp-image-3497\" src=\"https:\/\/mimaos.com\/blog\/wp-content\/uploads\/2025\/01\/186075-768x1024.jpg\" alt=\"\" width=\"392\" height=\"561\" \/><\/a><\/p>\n<h4><span class=\"ez-toc-section\" id=\"%C2%BFComo-elegir-el-complemento-alimenticio-adecuado\"><\/span>\u00bfC\u00f3mo elegir el complemento alimenticio adecuado?<span class=\"ez-toc-section-end\"><\/span><\/h4>\n<p>La elecci\u00f3n del complemento alimenticio adecuado depender\u00e1 de tus necesidades individuales y de tu estado de salud. Te recomendamos consultar a un profesional de la salud antes de comenzar cualquier tratamiento.<\/p>\n<p>Al elegir un complemento alimenticio, ten en cuenta los siguientes factores:<\/p>\n<ul>\n<li><strong>Calidad<\/strong>: Opta por productos de marcas reconocidas y elaborados con ingredientes de alta calidad.<\/li>\n<li><strong>Dosis<\/strong>: Sigue las indicaciones del fabricante y no excedas la dosis recomendada.<\/li>\n<li><strong>Presentaci\u00f3n<\/strong>: Los complementos alimenticios se presentan en diferentes formatos (c\u00e1psulas, comprimidos, jarabe, comprimidos efervescentes, etc.). Elige el que mejor se adapte a tus preferencias.<\/li>\n<\/ul>\n<p><strong>\u00a1Encuentra los mejores complementos alimenticios para tu sistema inmunol\u00f3gico en Parafarmacia Mimaos!<\/strong><br \/>\nEn Mimaos, encontrar\u00e1s una amplia variedad de complementos alimenticios para fortalecer tus defensas. Nuestros productos son de alta calidad y est\u00e1n seleccionados cuidadosamente para ofrecerte los mejores resultados.<\/p>\n<p>Visita nuestra tienda online y descubre todos nuestros productos para el cuidado de tu salud.<\/p>\n","protected":false},"excerpt":{"rendered":"<p>En un mundo cada vez m\u00e1s exigente, cuidar de nuestra salud es m\u00e1s importante que nunca. Nuestro sistema inmunol\u00f3gico es nuestra primera l\u00ednea de defensa contra enfermedades y virus. \u00bfSab\u00edas que los complementos alimenticios pueden ayudarte a fortalecer tus defensas de forma natural?<\/p>\n","protected":false},"author":9,"featured_media":3493,"comment_status":"open","ping_status":"open","sticky":false,"template":"","format":"standard","meta":{"jetpack_post_was_ever_published":false,"_jetpack_newsletter_access":"","_jetpack_dont_email_post_to_subs":false,"_jetpack_newsletter_tier_id":0,"_jetpack_memberships_contains_paywalled_content":false,"_jetpack_memberships_contains_paid_content":false,"footnotes":"","jetpack_publicize_message":"","jetpack_publicize_feature_enabled":true,"jetpack_social_post_already_shared":true,"jetpack_social_options":{"image_generator_settings":{"template":"highway","default_image_id":0,"font":"","enabled":false},"version":2}},"categories":[198],"tags":[398,400,397,399],"class_list":["post-3491","post","type-post","status-publish","format-standard","has-post-thumbnail","hentry","category-dietetica-y-nutricion","tag-complementos-alimenticios","tag-reforzar-defensas","tag-sistema-inmunitario","tag-sistema-inmunologico"],"jetpack_publicize_connections":[],"jetpack_featured_media_url":"https:\/\/mimaos.com\/blog\/wp-content\/uploads\/2025\/01\/Imagenes-destacadas-blog-vitaminas.jpg","jetpack-related-posts":[{"id":3667,"url":"https:\/\/mimaos.com\/blog\/vitaminas-reforzar-defensas-ninos\/","url_meta":{"origin":3491,"position":0},"title":"Reforzar defensas en ni\u00f1os: c\u00f3mo fortalecerlas en oto\u00f1o e invierno","author":"Santiago","date":"7 noviembre, 2025","format":false,"excerpt":"Con la vuelta a las clases, la rutina y el contacto con m\u00e1s ni\u00f1os, es inevitable que los peques de casa cojan m\u00e1s virus y bacterias. Los resfriados y gripes se vuelven m\u00e1s frecuentes y te preguntas qu\u00e9 puedes hacer para reforzar defensas en ni\u00f1os en estas situaciones. Adem\u00e1s de\u2026","rel":"","context":"En \u00abBeb\u00e9 y ni\u00f1o\u00bb","block_context":{"text":"Beb\u00e9 y ni\u00f1o","link":"https:\/\/mimaos.com\/blog\/category\/bebe-y-nino\/"},"img":{"alt_text":"reforzar defensas ni\u00f1os","src":"https:\/\/i0.wp.com\/mimaos.com\/blog\/wp-content\/uploads\/2025\/08\/blog-reforzar-defensas-en-ninos.jpg?resize=350%2C200&ssl=1","width":350,"height":200,"srcset":"https:\/\/i0.wp.com\/mimaos.com\/blog\/wp-content\/uploads\/2025\/08\/blog-reforzar-defensas-en-ninos.jpg?resize=350%2C200&ssl=1 1x, https:\/\/i0.wp.com\/mimaos.com\/blog\/wp-content\/uploads\/2025\/08\/blog-reforzar-defensas-en-ninos.jpg?resize=525%2C300&ssl=1 1.5x, https:\/\/i0.wp.com\/mimaos.com\/blog\/wp-content\/uploads\/2025\/08\/blog-reforzar-defensas-en-ninos.jpg?resize=700%2C400&ssl=1 2x, https:\/\/i0.wp.com\/mimaos.com\/blog\/wp-content\/uploads\/2025\/08\/blog-reforzar-defensas-en-ninos.jpg?resize=1050%2C600&ssl=1 3x"},"classes":[]},{"id":2951,"url":"https:\/\/mimaos.com\/blog\/menopausia-y-perimenopausia-los-mejores-complementos-alimenticios\/","url_meta":{"origin":3491,"position":1},"title":"Menopausia y perimenopausia: los mejores complementos alimenticios","author":"Santiago","date":"5 diciembre, 2021","format":false,"excerpt":"Cuando empiezas a notar los s\u00edntomas habituales de la perimenopausia o la menopausia, la mejor manera de aliviar el malestar es complementar tu dieta con productos espec\u00edficos que te aporten los nutrientes que necesitas. Seleccionamos para ti los mejores productos del mercado para la menopausia y perimenopausia. Qu\u00e9 son la\u2026","rel":"","context":"En \u00abDiet\u00e9tica y nutrici\u00f3n\u00bb","block_context":{"text":"Diet\u00e9tica y nutrici\u00f3n","link":"https:\/\/mimaos.com\/blog\/category\/dietetica-y-nutricion\/"},"img":{"alt_text":"","src":"https:\/\/i0.wp.com\/mimaos.com\/blog\/wp-content\/uploads\/2021\/11\/173755-768x1024.jpg?resize=350%2C200&ssl=1","width":350,"height":200},"classes":[]},{"id":2853,"url":"https:\/\/mimaos.com\/blog\/caida-del-pelo-los-mejores-productos-para-combatirla\/","url_meta":{"origin":3491,"position":2},"title":"Ca\u00edda del pelo: los mejores productos para combatirla","author":"Santiago","date":"3 junio, 2021","format":false,"excerpt":"El pelo se renueva a diario y se nos caen entre 80 y 100 cabellos al d\u00eda, pero hay etapas que notamos una mayor ca\u00edda que nos puede generar preocupaci\u00f3n. En este post os agrupamos los productos m\u00e1s efectivos para combatir la ca\u00edda del pelo. Tipos de ca\u00edda del cabello\u2026","rel":"","context":"En \u00abHigiene y salud\u00bb","block_context":{"text":"Higiene y salud","link":"https:\/\/mimaos.com\/blog\/category\/higiene-y-salud\/"},"img":{"alt_text":"","src":"https:\/\/i0.wp.com\/mimaos.com\/blog\/wp-content\/uploads\/2021\/05\/190826-768x1024.jpg?resize=350%2C200&ssl=1","width":350,"height":200},"classes":[]},{"id":2279,"url":"https:\/\/mimaos.com\/blog\/las-mejores-vitaminas\/","url_meta":{"origin":3491,"position":3},"title":"Las mejores vitaminas para superar el cambio estacional","author":"Roberto Gim\u00e9nez","date":"11 diciembre, 2018","format":false,"excerpt":"Durante los cambios estacionales nuestro organismo sufre tanto como cuando nos agotamos por el trabajo o por determinadas situaciones personales y, de la forma que sea, es el propio cuerpo qui\u00e9n nos alerta de la necesidad de recargar las pilas, generando estr\u00e9s, dolores de cabeza, mareos, fatiga o incluso episodios\u2026","rel":"","context":"En \u00abDiet\u00e9tica y nutrici\u00f3n\u00bb","block_context":{"text":"Diet\u00e9tica y nutrici\u00f3n","link":"https:\/\/mimaos.com\/blog\/category\/dietetica-y-nutricion\/"},"img":{"alt_text":"","src":"https:\/\/i0.wp.com\/mimaos.com\/blog\/wp-content\/uploads\/2018\/12\/multicentrum-211x300.png?resize=350%2C200&ssl=1","width":350,"height":200},"classes":[]},{"id":1932,"url":"https:\/\/mimaos.com\/blog\/periodo-adaptacion\/","url_meta":{"origin":3491,"position":4},"title":"El periodo de adaptaci\u00f3n y algunos consejos para la salud de tus peque\u00f1os","author":"Lourdes Amat","date":"8 septiembre, 2014","format":false,"excerpt":"Se terminan las vacaciones, empieza un nuevo curso para algunos ser\u00e1 un momento de encuentro con antiguos compa\u00f1eros. \u00bfPero y los m\u00e1s peque\u00f1os, esos que todav\u00eda no han pisado nunca un aula? \u00bfC\u00f3mo viven esa incorporaci\u00f3n? \u00bfC\u00f3mo les afecta emocionalmente, socialmente y f\u00edsicamente? \u00bfC\u00f3mo la vivimos los adultos; padres y\u2026","rel":"","context":"En \u00abBeb\u00e9 y ni\u00f1o\u00bb","block_context":{"text":"Beb\u00e9 y ni\u00f1o","link":"https:\/\/mimaos.com\/blog\/category\/bebe-y-nino\/"},"img":{"alt_text":"periodo de adaptaci\u00f3n","src":"https:\/\/i0.wp.com\/mimaos.com\/blog\/wp-content\/uploads\/2014\/09\/periodo-de-adaptacion.jpg?resize=350%2C200&ssl=1","width":350,"height":200,"srcset":"https:\/\/i0.wp.com\/mimaos.com\/blog\/wp-content\/uploads\/2014\/09\/periodo-de-adaptacion.jpg?resize=350%2C200&ssl=1 1x, https:\/\/i0.wp.com\/mimaos.com\/blog\/wp-content\/uploads\/2014\/09\/periodo-de-adaptacion.jpg?resize=525%2C300&ssl=1 1.5x"},"classes":[]},{"id":2769,"url":"https:\/\/mimaos.com\/blog\/los-mejores-captagrasas-del-mercado\/","url_meta":{"origin":3491,"position":5},"title":"Los mejores captagrasas del mercado","author":"Santiago","date":"7 enero, 2021","format":false,"excerpt":"\u00bfQu\u00e9 son los quemagrasas o captagrasas? Los captagrasas son complementos alimenticios que, combinados con una dieta equilibrada, te ayudan a perder peso. Su composici\u00f3n permite reducir la cantidad de grasas e hidratos que asimila nuestro organismo en la digesti\u00f3n y, por tanto, nos ayuda a bajar de peso o evitar\u2026","rel":"","context":"En \u00abDiet\u00e9tica y nutrici\u00f3n\u00bb","block_context":{"text":"Diet\u00e9tica y nutrici\u00f3n","link":"https:\/\/mimaos.com\/blog\/category\/dietetica-y-nutricion\/"},"img":{"alt_text":"","src":"https:\/\/i0.wp.com\/mimaos.com\/blog\/wp-content\/uploads\/2021\/01\/183476-768x1024.jpg?resize=350%2C200&ssl=1","width":350,"height":200},"classes":[]}],"jetpack_sharing_enabled":true,"_links":{"self":[{"href":"https:\/\/mimaos.com\/blog\/wp-json\/wp\/v2\/posts\/3491","targetHints":{"allow":["GET"]}}],"collection":[{"href":"https:\/\/mimaos.com\/blog\/wp-json\/wp\/v2\/posts"}],"about":[{"href":"https:\/\/mimaos.com\/blog\/wp-json\/wp\/v2\/types\/post"}],"author":[{"embeddable":true,"href":"https:\/\/mimaos.com\/blog\/wp-json\/wp\/v2\/users\/9"}],"replies":[{"embeddable":true,"href":"https:\/\/mimaos.com\/blog\/wp-json\/wp\/v2\/comments?post=3491"}],"version-history":[{"count":3,"href":"https:\/\/mimaos.com\/blog\/wp-json\/wp\/v2\/posts\/3491\/revisions"}],"predecessor-version":[{"id":3499,"href":"https:\/\/mimaos.com\/blog\/wp-json\/wp\/v2\/posts\/3491\/revisions\/3499"}],"wp:featuredmedia":[{"embeddable":true,"href":"https:\/\/mimaos.com\/blog\/wp-json\/wp\/v2\/media\/3493"}],"wp:attachment":[{"href":"https:\/\/mimaos.com\/blog\/wp-json\/wp\/v2\/media?parent=3491"}],"wp:term":[{"taxonomy":"category","embeddable":true,"href":"https:\/\/mimaos.com\/blog\/wp-json\/wp\/v2\/categories?post=3491"},{"taxonomy":"post_tag","embeddable":true,"href":"https:\/\/mimaos.com\/blog\/wp-json\/wp\/v2\/tags?post=3491"}],"curies":[{"name":"wp","href":"https:\/\/api.w.org\/{rel}","templated":true}]}}