{"id":3401,"date":"2024-05-02T13:16:50","date_gmt":"2024-05-02T11:16:50","guid":{"rendered":"https:\/\/mimaos.com\/blog\/?p=3401"},"modified":"2024-07-11T10:43:15","modified_gmt":"2024-07-11T08:43:15","slug":"productos-cosmeticos-aptos-y-no-aptos-durante-el-embarazo","status":"publish","type":"post","link":"https:\/\/mimaos.com\/blog\/productos-cosmeticos-aptos-y-no-aptos-durante-el-embarazo\/","title":{"rendered":"Productos cosm\u00e9ticos Aptos y NO aptos durante el embarazo"},"content":{"rendered":"<p>Siempre se comentan los productos no adecuados para usar durante el embarazo, pero, esta vez, vamos a empezar por los que s\u00ed que se pueden usar de manera segura y son recomendables.<!--more--><\/p>\n<p>Lo fundamental es mantener la piel hidratada y protegida, los ingredientes seguros son:<\/p>\n<h2>Productos APTOS para el embarazo<\/h2>\n<p><strong>\u00c1cido Hialur\u00f3nico y Vitamina C<\/strong> (siempre que se usase previo al embarazo), que nutren la piel y mantienen la piel flexible y luminosa.<\/p>\n<p><strong>Protector solar A DIARIO,<\/strong> est\u00e9 nublado, haga sol o llueva. La piel de las embarazadas es m\u00e1s propensa a la aparici\u00f3n de manchas, por lo que lo mejor es evitar su aparici\u00f3n con un protector solar de alta protecci\u00f3n.<\/p>\n<p><strong><a href=\"https:\/\/mimaos.com\/blog\/cuidar-la-piel-en-el-embarazo\/\">Tratamientos antiestr\u00edas<\/a>,<\/strong> especialmente los indicados para el embarazo, ya que sus ingredientes est\u00e1n seleccionados para la futura mam\u00e1.<\/p>\n<p><strong>Tintes de cabello<\/strong> que no contengan amon\u00edaco o sales de plomo.<\/p>\n<p>La piel durante el embarazo, debido a los cambios hormonales, puede cambiar. Si necesitas reajustar tu rutina de cuidado diario, lo mejor es consultar con tu m\u00e9dico o dermat\u00f3logo para que te recomiende lo m\u00e1s seguro y adaptado para ti.<\/p>\n<h3>Productos de parafarmacia y cosm\u00e9tica NO aptos durante la gestaci\u00f3n<\/h3>\n<ul>\n<li><strong>Algunos ingredientes en tratamientos antiedad<\/strong><\/li>\n<\/ul>\n<p>Evitar <strong>retinoides y derivados de la vitamina A,<\/strong> tanto t\u00f3picos como orales. Est\u00e1 prohibido usarlos ya que pueden generar malformaciones en el feto.<\/p>\n<p><strong>\u00c1cido glic\u00f3lico,<\/strong> otro producto con limitaciones. Por su efecto irritante, es mejor evitarlo, ya que la piel de las embarazadas se irrita con mayor facilidad.<\/p>\n<ul>\n<li><strong>Ojo con los tratamientos para el acn\u00e9<\/strong><\/li>\n<\/ul>\n<p><strong>\u00c1cido Salic\u00edlico,<\/strong> por sus propiedades exfoliantes, es f\u00e1cilmente absorbido por la piel y puede llegar al torrente sangu\u00edneo. Mejor evitar su uso. Puede potenciar la aparici\u00f3n de manchas.<\/p>\n<p><strong>Per\u00f3xido de benzoilo,<\/strong> es com\u00fan en tratamientos para el acn\u00e9 pero se recomienda evitarlo durante el embarazo. Se puede sustituir por otros tratamientos, recomendamos consultar con un dermat\u00f3logo para que recomiende los m\u00e1s apto para tu situaci\u00f3n.<\/p>\n<ul>\n<li><strong>Los tratamientos antimanchas, mejor para despu\u00e9s<\/strong><\/li>\n<\/ul>\n<p><strong>Hidroquinona y \u00e1cido azelaico<\/strong>, habitual en los productos antimanchas, es recomendable evita cualquier tratamiento despigmentante durante el embarazo, lo mejor es prevenir con protecci\u00f3n solar y tratar las posibles manchas una vez llegado a t\u00e9rmino el embarazo y la lactancia.<\/p>\n<ul>\n<li><strong>Tratamientos corporales<\/strong><\/li>\n<\/ul>\n<p>Evitar la <strong>cafe\u00edna<\/strong>, habitual en contornos de ojos o tratamientos anticelul\u00edticos por su efecto excitante.<\/p>\n<p><strong>Aceites esenciales<\/strong>: siempre depende. Son aptos aquellos para masajes drenantes, pero evitar todos aquellos con los que tengamos dudas.<\/p>\n<p><strong>Antitranspirantes<\/strong> con sales de aluminio, lo mejor es interrumpir su uso, ya que puede afectar al crecimiento del feto.<\/p>\n<ul>\n<li><strong>Otros medicamentos<\/strong><\/li>\n<\/ul>\n<p><strong>Minoxidil<\/strong>, com\u00fanmente usado para el tratamiento de la alopecia o la ca\u00edda intensa del cabello. Lo mejor es evitarlo durante el embarazo. S\u00ed que puede usarse durante la lactancia tras consultar con tu m\u00e9dico.<\/p>\n<p><strong>Antibi\u00f3ticos orales:<\/strong> siempre, siempre, consultar con tu m\u00e9dico. Si ya estabas tomando medicamentos, antes de planificar el embarazo, consulta con tu m\u00e9dico de cabecera para que te ajuste o cambie la medicaci\u00f3n.<\/p>\n<p>Sobre todo, queremos recordar que no hay que obsesionarse con lo que puedes y no puedes hacer durante el embarazo. Lo mejor es disfrutar de este momento \u00fanico y, ante cualquier duda, consultar con un experto.<\/p>\n","protected":false},"excerpt":{"rendered":"<p>Siempre se comentan los productos no adecuados para usar durante el embarazo, pero, esta vez, vamos a empezar por los que s\u00ed que se pueden usar de manera segura y son recomendables.<\/p>\n","protected":false},"author":9,"featured_media":3435,"comment_status":"open","ping_status":"open","sticky":false,"template":"","format":"standard","meta":{"jetpack_post_was_ever_published":false,"_jetpack_newsletter_access":"","_jetpack_dont_email_post_to_subs":false,"_jetpack_newsletter_tier_id":0,"_jetpack_memberships_contains_paywalled_content":false,"_jetpack_memberships_contains_paid_content":false,"footnotes":"","jetpack_publicize_message":"","jetpack_publicize_feature_enabled":true,"jetpack_social_post_already_shared":true,"jetpack_social_options":{"image_generator_settings":{"template":"highway","default_image_id":0,"font":"","enabled":false},"version":2}},"categories":[201],"tags":[],"class_list":["post-3401","post","type-post","status-publish","format-standard","has-post-thumbnail","hentry","category-embarazo-y-lactancia"],"jetpack_publicize_connections":[],"jetpack_featured_media_url":"https:\/\/mimaos.com\/blog\/wp-content\/uploads\/2024\/05\/Imagenes-destacadas-blog.jpg","jetpack-related-posts":[{"id":1979,"url":"https:\/\/mimaos.com\/blog\/cuidar-la-piel-en-el-embarazo\/","url_meta":{"origin":3401,"position":0},"title":"C\u00f3mo cuidar la piel en el embarazo","author":"Santiago","date":"2 octubre, 2020","format":false,"excerpt":"Cuidar tu piel en el embarazo es muy importante. De ello depender\u00e1 la recuperaci\u00f3n de la elasticidad de tu piel. A continuaci\u00f3n te damos varios consejos sobre c\u00f3mo cuidar tu piel. Consejos para una piel sana y tersa durante el embarazo Desde el momento que sepas que est\u00e1s embarazada, aunque\u2026","rel":"","context":"En \u00abEmbarazo y lactancia\u00bb","block_context":{"text":"Embarazo y lactancia","link":"https:\/\/mimaos.com\/blog\/category\/embarazo-y-lactancia\/"},"img":{"alt_text":"","src":"https:\/\/i0.wp.com\/mimaos.com\/blog\/wp-content\/uploads\/2020\/09\/345272-1-768x1024.jpg?resize=350%2C200&ssl=1","width":350,"height":200},"classes":[]},{"id":3047,"url":"https:\/\/mimaos.com\/blog\/las-mejores-cremas-para-el-embarazo-y-postparto\/","url_meta":{"origin":3401,"position":1},"title":"Las mejores cremas para el embarazo y postparto","author":"Santiago","date":"6 mayo, 2022","format":false,"excerpt":"Durante el embarazo, el postparto y la lactancia el cuerpo de una mujer experimenta cambios hormonales y f\u00edsicos que requieren de un cuidado especial. Cuidados antiestr\u00edas reafirmantes La piel se estira, se contrae y sufre cambios, por lo que hay que mantenerla hidratada a diario y con nutrientes especiales que\u2026","rel":"","context":"En \u00abEmbarazo y lactancia\u00bb","block_context":{"text":"Embarazo y lactancia","link":"https:\/\/mimaos.com\/blog\/category\/embarazo-y-lactancia\/"},"img":{"alt_text":"","src":"https:\/\/i0.wp.com\/mimaos.com\/blog\/wp-content\/uploads\/2022\/04\/345272-1-768x1024.jpg?resize=350%2C200&ssl=1","width":350,"height":200},"classes":[]},{"id":2740,"url":"https:\/\/mimaos.com\/blog\/piel-con-manchas-cuando-y-como-tratarlas\/","url_meta":{"origin":3401,"position":2},"title":"Piel con manchas: cu\u00e1ndo y c\u00f3mo tratarlas","author":"Santiago","date":"3 diciembre, 2020","format":false,"excerpt":"La aparici\u00f3n de manchas en la piel especialmente en el rostro, cuello o manos, puede deberse a una acumulaci\u00f3n de melanina en determinados puntos que causa lo que se conoce como hiperpigmentaciones.Las causas m\u00e1s comunes de su aparici\u00f3n son: \u2022 Exposici\u00f3n prolongada al sol \u2022 Fotoenvejecimiento \u2022 Causas gen\u00e9ticas \u2022\u2026","rel":"","context":"En \u00abCosm\u00e9tica y belleza\u00bb","block_context":{"text":"Cosm\u00e9tica y belleza","link":"https:\/\/mimaos.com\/blog\/category\/cosmetica-y-belleza\/"},"img":{"alt_text":"","src":"https:\/\/i0.wp.com\/mimaos.com\/blog\/wp-content\/uploads\/2020\/11\/161518-768x1024.jpg?resize=350%2C200&ssl=1","width":350,"height":200},"classes":[]},{"id":3334,"url":"https:\/\/mimaos.com\/blog\/los-mejores-productos-despigmentantes-para-el-rostro\/","url_meta":{"origin":3401,"position":3},"title":"Los mejores productos despigmentantes para el rostro","author":"Santiago","date":"4 diciembre, 2023","format":false,"excerpt":"Las manchas son uno de los problemas m\u00e1s frecuentes que pueden aparecer en la piel del rostro, ya que sufre de una constante exposici\u00f3n a los agentes externos. Descubre por qu\u00e9 aparecen las manchas y c\u00f3mo tratar las hiperpigmentaciones. Para qu\u00e9 sirven los producto antimanchas Las cremas o s\u00e9rums despigmentantes\u2026","rel":"","context":"En \u00abCosm\u00e9tica y belleza\u00bb","block_context":{"text":"Cosm\u00e9tica y belleza","link":"https:\/\/mimaos.com\/blog\/category\/cosmetica-y-belleza\/"},"img":{"alt_text":"","src":"https:\/\/i0.wp.com\/mimaos.com\/blog\/wp-content\/uploads\/2023\/11\/184539-768x1024.jpg?resize=350%2C200&ssl=1","width":350,"height":200},"classes":[]},{"id":3598,"url":"https:\/\/mimaos.com\/blog\/como-elegir-el-mejor-protector-solar-para-piel-con-rosacea\/","url_meta":{"origin":3401,"position":4},"title":"C\u00f3mo Elegir el Mejor Protector Solar para Piel con Ros\u00e1cea","author":"Santiago","date":"2 mayo, 2025","format":false,"excerpt":"La piel con ros\u00e1cea necesita cuidados espec\u00edficos. Esta condici\u00f3n cr\u00f3nica, que afecta a millones de personas, se caracteriza por enrojecimiento, inflamaci\u00f3n, capilares visibles e incluso brotes similares al acn\u00e9. Uno de los factores m\u00e1s comunes que agravan la ros\u00e1cea es la exposici\u00f3n solar. Por eso, elegir el protector solar adecuado\u2026","rel":"","context":"En \u00abCuidado solar\u00bb","block_context":{"text":"Cuidado solar","link":"https:\/\/mimaos.com\/blog\/category\/cuidado-solar\/"},"img":{"alt_text":"","src":"https:\/\/i0.wp.com\/mimaos.com\/blog\/wp-content\/uploads\/2025\/03\/Imagenes-destacadas-blog-protector-solar-piel-con-rosacea.jpg?resize=350%2C200&ssl=1","width":350,"height":200,"srcset":"https:\/\/i0.wp.com\/mimaos.com\/blog\/wp-content\/uploads\/2025\/03\/Imagenes-destacadas-blog-protector-solar-piel-con-rosacea.jpg?resize=350%2C200&ssl=1 1x, https:\/\/i0.wp.com\/mimaos.com\/blog\/wp-content\/uploads\/2025\/03\/Imagenes-destacadas-blog-protector-solar-piel-con-rosacea.jpg?resize=525%2C300&ssl=1 1.5x, https:\/\/i0.wp.com\/mimaos.com\/blog\/wp-content\/uploads\/2025\/03\/Imagenes-destacadas-blog-protector-solar-piel-con-rosacea.jpg?resize=700%2C400&ssl=1 2x, https:\/\/i0.wp.com\/mimaos.com\/blog\/wp-content\/uploads\/2025\/03\/Imagenes-destacadas-blog-protector-solar-piel-con-rosacea.jpg?resize=1050%2C600&ssl=1 3x"},"classes":[]},{"id":3140,"url":"https:\/\/mimaos.com\/blog\/preparate-para-la-llegada-de-tu-bebe-productos-imprescindibles\/","url_meta":{"origin":3401,"position":5},"title":"Prep\u00e1rate para la llegada de tu beb\u00e9: productos imprescindibles","author":"Santiago","date":"4 noviembre, 2022","format":false,"excerpt":"La llegada de un nuevo miembro a la familia es una alegr\u00eda y una revoluci\u00f3n en el hogar. Tener todo listo para la llegada de un beb\u00e9 puede calmar los nervios de los futuros padres. Os dejamos un checklist de productos de cuidado e higiene imprescindibles para el primer a\u00f1o\u2026","rel":"","context":"En \u00abBeb\u00e9 y ni\u00f1o\u00bb","block_context":{"text":"Beb\u00e9 y ni\u00f1o","link":"https:\/\/mimaos.com\/blog\/category\/bebe-y-nino\/"},"img":{"alt_text":"","src":"https:\/\/i0.wp.com\/mimaos.com\/blog\/wp-content\/uploads\/2022\/10\/165773-1-768x1024.jpg?resize=350%2C200&ssl=1","width":350,"height":200},"classes":[]}],"jetpack_sharing_enabled":true,"_links":{"self":[{"href":"https:\/\/mimaos.com\/blog\/wp-json\/wp\/v2\/posts\/3401","targetHints":{"allow":["GET"]}}],"collection":[{"href":"https:\/\/mimaos.com\/blog\/wp-json\/wp\/v2\/posts"}],"about":[{"href":"https:\/\/mimaos.com\/blog\/wp-json\/wp\/v2\/types\/post"}],"author":[{"embeddable":true,"href":"https:\/\/mimaos.com\/blog\/wp-json\/wp\/v2\/users\/9"}],"replies":[{"embeddable":true,"href":"https:\/\/mimaos.com\/blog\/wp-json\/wp\/v2\/comments?post=3401"}],"version-history":[{"count":3,"href":"https:\/\/mimaos.com\/blog\/wp-json\/wp\/v2\/posts\/3401\/revisions"}],"predecessor-version":[{"id":3404,"href":"https:\/\/mimaos.com\/blog\/wp-json\/wp\/v2\/posts\/3401\/revisions\/3404"}],"wp:featuredmedia":[{"embeddable":true,"href":"https:\/\/mimaos.com\/blog\/wp-json\/wp\/v2\/media\/3435"}],"wp:attachment":[{"href":"https:\/\/mimaos.com\/blog\/wp-json\/wp\/v2\/media?parent=3401"}],"wp:term":[{"taxonomy":"category","embeddable":true,"href":"https:\/\/mimaos.com\/blog\/wp-json\/wp\/v2\/categories?post=3401"},{"taxonomy":"post_tag","embeddable":true,"href":"https:\/\/mimaos.com\/blog\/wp-json\/wp\/v2\/tags?post=3401"}],"curies":[{"name":"wp","href":"https:\/\/api.w.org\/{rel}","templated":true}]}}