{"id":2720,"date":"2020-11-03T09:50:43","date_gmt":"2020-11-03T07:50:43","guid":{"rendered":"https:\/\/mimaos.com\/blog\/?p=2720"},"modified":"2020-10-22T09:51:50","modified_gmt":"2020-10-22T07:51:50","slug":"productos-para-dormir-mejor","status":"publish","type":"post","link":"https:\/\/mimaos.com\/blog\/productos-para-dormir-mejor\/","title":{"rendered":"Productos para dormir mejor"},"content":{"rendered":"<p>Si hay d\u00edas que te cuesta dormir pero no quieres recurrir a medicamentos que pueden ser adictivos, este es tu post.<br \/>\nYa sea por estr\u00e9s, ansiedad, cambios de temperatura, el uso intensivo de pantallas, cambios de horario, etc. simplemente hay d\u00edas que no conseguimos coger el sue\u00f1o. Lo mejor en estos casos es recurrir a productos naturales que favorecen el sue\u00f1o.<br \/>\n\u00bfCu\u00e1l es la clave de estos productos para descansar mejor por las noches? La melatonina.<!--more--><\/p>\n<div id=\"ez-toc-container\" class=\"ez-toc-v2_0_76 ez-toc-wrap-center counter-hierarchy ez-toc-counter ez-toc-custom ez-toc-container-direction\">\n<div class=\"ez-toc-title-container\">\n<p class=\"ez-toc-title ez-toc-toggle\" style=\"cursor:pointer\">Navegaci\u00f3n r\u00e1pida<\/p>\n<span class=\"ez-toc-title-toggle\"><a href=\"#\" class=\"ez-toc-pull-right ez-toc-btn ez-toc-btn-xs ez-toc-btn-default ez-toc-toggle\" aria-label=\"Alternar tabla de contenidos\"><span class=\"ez-toc-js-icon-con\"><span class=\"\"><span class=\"eztoc-hide\" style=\"display:none;\">Toggle<\/span><span class=\"ez-toc-icon-toggle-span\"><svg style=\"fill: #00a3b3;color:#00a3b3\" xmlns=\"http:\/\/www.w3.org\/2000\/svg\" class=\"list-377408\" width=\"20px\" height=\"20px\" viewBox=\"0 0 24 24\" fill=\"none\"><path d=\"M6 6H4v2h2V6zm14 0H8v2h12V6zM4 11h2v2H4v-2zm16 0H8v2h12v-2zM4 16h2v2H4v-2zm16 0H8v2h12v-2z\" fill=\"currentColor\"><\/path><\/svg><svg style=\"fill: #00a3b3;color:#00a3b3\" class=\"arrow-unsorted-368013\" xmlns=\"http:\/\/www.w3.org\/2000\/svg\" width=\"10px\" height=\"10px\" viewBox=\"0 0 24 24\" version=\"1.2\" baseProfile=\"tiny\"><path d=\"M18.2 9.3l-6.2-6.3-6.2 6.3c-.2.2-.3.4-.3.7s.1.5.3.7c.2.2.4.3.7.3h11c.3 0 .5-.1.7-.3.2-.2.3-.5.3-.7s-.1-.5-.3-.7zM5.8 14.7l6.2 6.3 6.2-6.3c.2-.2.3-.5.3-.7s-.1-.5-.3-.7c-.2-.2-.4-.3-.7-.3h-11c-.3 0-.5.1-.7.3-.2.2-.3.5-.3.7s.1.5.3.7z\"\/><\/svg><\/span><\/span><\/span><\/a><\/span><\/div>\n<nav><ul class='ez-toc-list ez-toc-list-level-1 ' ><li class='ez-toc-page-1 ez-toc-heading-level-2'><a class=\"ez-toc-link ez-toc-heading-1\" href=\"https:\/\/mimaos.com\/blog\/productos-para-dormir-mejor\/#Para-que-sirve-la-Melatonina\" >Para qu\u00e9 sirve la Melatonina<\/a><ul class='ez-toc-list-level-3' ><li class='ez-toc-heading-level-3'><a class=\"ez-toc-link ez-toc-heading-2\" href=\"https:\/\/mimaos.com\/blog\/productos-para-dormir-mejor\/#Los-mejores-productos-con-Melatonina-para-dormir\" >Los mejores productos con Melatonina para dormir<\/a><ul class='ez-toc-list-level-4' ><li class='ez-toc-heading-level-4'><a class=\"ez-toc-link ez-toc-heading-3\" href=\"https:\/\/mimaos.com\/blog\/productos-para-dormir-mejor\/#Aquilea-Sueno-15-comprimidos\" >Aquilea Sue\u00f1o 15 comprimidos<\/a><\/li><li class='ez-toc-page-1 ez-toc-heading-level-4'><a class=\"ez-toc-link ez-toc-heading-4\" href=\"https:\/\/mimaos.com\/blog\/productos-para-dormir-mejor\/#Kneipp-Sueno-Complet\" >Kneipp Sue\u00f1o Complet<\/a><\/li><li class='ez-toc-page-1 ez-toc-heading-level-4'><a class=\"ez-toc-link ez-toc-heading-5\" href=\"https:\/\/mimaos.com\/blog\/productos-para-dormir-mejor\/#Forte-Pharma-Melatonina-30-comprimidos-bucodispensables\" >Forte Pharma Melatonina 30 comprimidos bucodispensables<\/a><\/li><li class='ez-toc-page-1 ez-toc-heading-level-4'><a class=\"ez-toc-link ez-toc-heading-6\" href=\"https:\/\/mimaos.com\/blog\/productos-para-dormir-mejor\/#Vick-Zzzquil-Natura-60-gominolas\" >Vick Zzzquil Natura 60 gominolas<\/a><\/li><\/ul><\/li><\/ul><\/li><\/ul><\/nav><\/div>\n<h2><span class=\"ez-toc-section\" id=\"Para-que-sirve-la-Melatonina\"><\/span>Para qu\u00e9 sirve la Melatonina<span class=\"ez-toc-section-end\"><\/span><\/h2>\n<p>La <strong>melatonina es una hormona que se encuentra en nuestro organismo<\/strong> e indica a nuestro cuerpo cu\u00e1ndo es hora de dormir o levantarse. Nuestro cuerpo segrega m\u00e1s melatonina durante las noches indic\u00e1ndonos que es hora de irse a la cama.<br \/>\nPor eso mismo, combinar la Melatonina con otros ingredientes naturales que favorezcan el sue\u00f1o o la relajaci\u00f3n es la mezcla perfecta para un descanso profundo y reparador.<br \/>\nNo es raro encontrarla combinada con Valeriana o Pasiflora, plantas conocidas por sus propiedades relajantes y tranquilizantes.<\/p>\n<h3><span class=\"ez-toc-section\" id=\"Los-mejores-productos-con-Melatonina-para-dormir\"><\/span>Los mejores productos con Melatonina para dormir<span class=\"ez-toc-section-end\"><\/span><\/h3>\n<h4><span class=\"ez-toc-section\" id=\"Aquilea-Sueno-15-comprimidos\"><\/span><a href=\"https:\/\/mimaos.com\/producto\/aquilea-sueno-195-15-comprimidos\/\"><strong>Aquilea Sue\u00f1o 15 comprimidos<\/strong><\/a><span class=\"ez-toc-section-end\"><\/span><\/h4>\n<p><a href=\"https:\/\/mimaos.com\/producto\/aquilea-sueno-195-15-comprimidos\/\"><img loading=\"lazy\" decoding=\"async\" class=\"alignnone wp-image-2728\" src=\"https:\/\/mimaos.com\/blog\/wp-content\/uploads\/2020\/10\/171634-1-768x1024.jpg\" alt=\"\" width=\"329\" height=\"436\" \/><\/a><\/p>\n<p>Este complemento alimenticio adem\u00e1s de Melatonina contiene Pasiflora, Valeriana y Amapola de California, una combinaci\u00f3n \u00fanica que te relaja y favorece el descanso profundo.<br \/>\nSu comprimido bicapa permite una liberaci\u00f3n prolongada, favoreciendo el sue\u00f1o y prolog\u00e1ndolo.<\/p>\n<h4><span class=\"ez-toc-section\" id=\"Kneipp-Sueno-Complet\"><\/span><a href=\"https:\/\/mimaos.com\/producto\/kneipp-sueno-complet-60-comprimidos\/\"><strong>Kneipp Sue\u00f1o Complet<\/strong><\/a><span class=\"ez-toc-section-end\"><\/span><\/h4>\n<p><a href=\"https:\/\/mimaos.com\/producto\/kneipp-sueno-complet-60-comprimidos\/\"><img loading=\"lazy\" decoding=\"async\" class=\"alignnone wp-image-2730\" src=\"https:\/\/mimaos.com\/blog\/wp-content\/uploads\/2020\/10\/190963-768x1024.jpg\" alt=\"\" width=\"334\" height=\"463\" \/><\/a><\/p>\n<p>La primera capa contiene Melatonina, para iniciar el sue\u00f1o. La segunda capa lo mantiene de manera natural gracias a la Valeriana, Melisa, Pasiflora, vitaminas y Zinc.<\/p>\n<h4><span class=\"ez-toc-section\" id=\"Forte-Pharma-Melatonina-30-comprimidos-bucodispensables\"><\/span><a href=\"https:\/\/mimaos.com\/producto\/forte-melatonina-1900-flash-30-comprimidos-bucodispersables\/\"><strong>Forte Pharma Melatonina 30 comprimidos bucodispensables<\/strong><\/a><span class=\"ez-toc-section-end\"><\/span><\/h4>\n<p><a href=\"https:\/\/mimaos.com\/producto\/forte-melatonina-1900-flash-30-comprimidos-bucodispersables\/\"><img loading=\"lazy\" decoding=\"async\" class=\"alignnone wp-image-2732\" src=\"https:\/\/mimaos.com\/blog\/wp-content\/uploads\/2020\/10\/190206-768x1024.png\" alt=\"\" width=\"356\" height=\"474\" srcset=\"https:\/\/mimaos.com\/blog\/wp-content\/uploads\/2020\/10\/190206-768x1024.png 768w, https:\/\/mimaos.com\/blog\/wp-content\/uploads\/2020\/10\/190206-225x300.png 225w, https:\/\/mimaos.com\/blog\/wp-content\/uploads\/2020\/10\/190206.png 900w\" sizes=\"auto, (max-width: 356px) 100vw, 356px\" \/><\/a><\/p>\n<p>Ayuda a conciliar el sue\u00f1o con rapidez gracias a su efecto flash. C\u00f3modo formato que se deshace en la boca.<\/p>\n<h4><span class=\"ez-toc-section\" id=\"Vick-Zzzquil-Natura-60-gominolas\"><\/span><a href=\"https:\/\/mimaos.com\/producto\/vicks-zzzquil-melatonina-60-gominolas\/\"><strong>Vick Zzzquil Natura 60 gominolas<\/strong><\/a><span class=\"ez-toc-section-end\"><\/span><\/h4>\n<p><a href=\"https:\/\/mimaos.com\/producto\/vicks-zzzquil-melatonina-60-gominolas\/\"><img loading=\"lazy\" decoding=\"async\" class=\"alignnone wp-image-2733\" src=\"https:\/\/mimaos.com\/blog\/wp-content\/uploads\/2020\/10\/195331-768x1024.jpg\" alt=\"\" width=\"338\" height=\"451\" srcset=\"https:\/\/mimaos.com\/blog\/wp-content\/uploads\/2020\/10\/195331-768x1024.jpg 768w, https:\/\/mimaos.com\/blog\/wp-content\/uploads\/2020\/10\/195331-225x300.jpg 225w, https:\/\/mimaos.com\/blog\/wp-content\/uploads\/2020\/10\/195331.jpg 900w\" sizes=\"auto, (max-width: 338px) 100vw, 338px\" \/><\/a><\/p>\n<p>Este producto combina Melatonina, Camomila, Lavanda, Valeriana y Vitaminas para favorecer el sue\u00f1o y mantenerlo a lo largo de la noche. Formato en gominolas de f\u00e1cil administraci\u00f3n.<\/p>\n","protected":false},"excerpt":{"rendered":"<p>Si hay d\u00edas que te cuesta dormir pero no quieres recurrir a medicamentos que pueden ser adictivos, este es tu post. Ya sea por estr\u00e9s, ansiedad, cambios de temperatura, el uso intensivo de pantallas, cambios de horario, etc. simplemente hay d\u00edas que no conseguimos coger el sue\u00f1o. Lo mejor en estos casos es recurrir a [&hellip;]<\/p>\n","protected":false},"author":9,"featured_media":0,"comment_status":"open","ping_status":"open","sticky":false,"template":"","format":"standard","meta":{"jetpack_post_was_ever_published":false,"_jetpack_newsletter_access":"","_jetpack_dont_email_post_to_subs":false,"_jetpack_newsletter_tier_id":0,"_jetpack_memberships_contains_paywalled_content":false,"_jetpack_memberships_contains_paid_content":false,"footnotes":"","jetpack_publicize_message":"","jetpack_publicize_feature_enabled":true,"jetpack_social_post_already_shared":true,"jetpack_social_options":{"image_generator_settings":{"template":"highway","default_image_id":0,"font":"","enabled":false},"version":2}},"categories":[198],"tags":[],"class_list":["post-2720","post","type-post","status-publish","format-standard","hentry","category-dietetica-y-nutricion"],"jetpack_publicize_connections":[],"jetpack_featured_media_url":"","jetpack-related-posts":[{"id":3375,"url":"https:\/\/mimaos.com\/blog\/como-combatir-el-estres-consejos-para-que-no-afecte-a-tu-salud\/","url_meta":{"origin":2720,"position":0},"title":"C\u00f3mo combatir el estr\u00e9s: consejos para que no afecte a tu salud","author":"Santiago","date":"5 marzo, 2024","format":false,"excerpt":"El estr\u00e9s continuado puede causar problemas graves de salud, como diabetes, obesidad, afecciones cardiacas u otras enfermedades cr\u00f3nicas a nivel f\u00edsico o mental. Te damos unos trucos para poder lidiar con el estr\u00e9s. Consejos para reducir el estr\u00e9s de manera natural Hacer ejercicio y salir al aire libre T\u00e9cnicas de\u2026","rel":"","context":"En \u00abDiet\u00e9tica y nutrici\u00f3n\u00bb","block_context":{"text":"Diet\u00e9tica y nutrici\u00f3n","link":"https:\/\/mimaos.com\/blog\/category\/dietetica-y-nutricion\/"},"img":{"alt_text":"","src":"https:\/\/i0.wp.com\/mimaos.com\/blog\/wp-content\/uploads\/2024\/03\/Imagenes-destacadas-blog-2.jpg?resize=350%2C200&ssl=1","width":350,"height":200,"srcset":"https:\/\/i0.wp.com\/mimaos.com\/blog\/wp-content\/uploads\/2024\/03\/Imagenes-destacadas-blog-2.jpg?resize=350%2C200&ssl=1 1x, https:\/\/i0.wp.com\/mimaos.com\/blog\/wp-content\/uploads\/2024\/03\/Imagenes-destacadas-blog-2.jpg?resize=525%2C300&ssl=1 1.5x, https:\/\/i0.wp.com\/mimaos.com\/blog\/wp-content\/uploads\/2024\/03\/Imagenes-destacadas-blog-2.jpg?resize=700%2C400&ssl=1 2x, https:\/\/i0.wp.com\/mimaos.com\/blog\/wp-content\/uploads\/2024\/03\/Imagenes-destacadas-blog-2.jpg?resize=1050%2C600&ssl=1 3x"},"classes":[]},{"id":2951,"url":"https:\/\/mimaos.com\/blog\/menopausia-y-perimenopausia-los-mejores-complementos-alimenticios\/","url_meta":{"origin":2720,"position":1},"title":"Menopausia y perimenopausia: los mejores complementos alimenticios","author":"Santiago","date":"5 diciembre, 2021","format":false,"excerpt":"Cuando empiezas a notar los s\u00edntomas habituales de la perimenopausia o la menopausia, la mejor manera de aliviar el malestar es complementar tu dieta con productos espec\u00edficos que te aporten los nutrientes que necesitas. Seleccionamos para ti los mejores productos del mercado para la menopausia y perimenopausia. Qu\u00e9 son la\u2026","rel":"","context":"En \u00abDiet\u00e9tica y nutrici\u00f3n\u00bb","block_context":{"text":"Diet\u00e9tica y nutrici\u00f3n","link":"https:\/\/mimaos.com\/blog\/category\/dietetica-y-nutricion\/"},"img":{"alt_text":"","src":"https:\/\/i0.wp.com\/mimaos.com\/blog\/wp-content\/uploads\/2021\/11\/173755-768x1024.jpg?resize=350%2C200&ssl=1","width":350,"height":200},"classes":[]},{"id":3478,"url":"https:\/\/mimaos.com\/blog\/como-prevenir-el-envejecimiento-prematuro-de-la-piel-en-tus-20s-y-30s\/","url_meta":{"origin":2720,"position":2},"title":"C\u00f3mo prevenir el envejecimiento prematuro de la piel en tus 20s y 30s","author":"Santiago","date":"6 enero, 2025","format":false,"excerpt":"El envejecimiento de la piel es un proceso natural que, aunque inevitable, puede ser ralentizado con buenos h\u00e1bitos y cuidados preventivos. Tus 20s y 30s son una etapa clave para sentar las bases de una piel sana y resistente al paso del tiempo. \u00a1Aqu\u00ed te contamos c\u00f3mo prevenir el envejecimiento\u2026","rel":"","context":"En \u00abCosm\u00e9tica y belleza\u00bb","block_context":{"text":"Cosm\u00e9tica y belleza","link":"https:\/\/mimaos.com\/blog\/category\/cosmetica-y-belleza\/"},"img":{"alt_text":"","src":"https:\/\/i0.wp.com\/mimaos.com\/blog\/wp-content\/uploads\/2024\/12\/174857-fusion-water-magic-768x1024.jpg?resize=350%2C200&ssl=1","width":350,"height":200},"classes":[]},{"id":1893,"url":"https:\/\/mimaos.com\/blog\/esquiva-de-un-salto-el-sindrome-post-vacacional\/","url_meta":{"origin":2720,"position":3},"title":"Esquiva de un salto el s\u00edndrome \u00abpost-vacacional\u00bb","author":"Lourdes Amat","date":"31 agosto, 2014","format":false,"excerpt":"Ya estamos a 1 de Septiembre, todas las vacaciones se han acabado y toca volver a una normalidad algunas veces agotadora despu\u00e9s de unos fant\u00e1sticos d\u00edas de descanso. Esa sensaci\u00f3n agotadora que apelmaza vuestro cuerpo es el llamado s\u00edndrome \u201cpost vacacional\u201d que nos atrae a problemas de sue\u00f1o, apetito, apat\u00eda,\u2026","rel":"","context":"En \u00abHigiene y salud\u00bb","block_context":{"text":"Higiene y salud","link":"https:\/\/mimaos.com\/blog\/category\/higiene-y-salud\/"},"img":{"alt_text":"","src":"https:\/\/i0.wp.com\/mimaos.com\/blog\/wp-content\/uploads\/2014\/08\/sindrome-post-vacacional.jpg?resize=350%2C200&ssl=1","width":350,"height":200,"srcset":"https:\/\/i0.wp.com\/mimaos.com\/blog\/wp-content\/uploads\/2014\/08\/sindrome-post-vacacional.jpg?resize=350%2C200&ssl=1 1x, https:\/\/i0.wp.com\/mimaos.com\/blog\/wp-content\/uploads\/2014\/08\/sindrome-post-vacacional.jpg?resize=525%2C300&ssl=1 1.5x"},"classes":[]},{"id":1713,"url":"https:\/\/mimaos.com\/blog\/cuidados-del-bebe\/","url_meta":{"origin":2720,"position":4},"title":"Primeros pasos para cuidar a tu beb\u00e9: alimentaci\u00f3n, higiene y descanso","author":"Lourdes Amat","date":"25 mayo, 2014","format":false,"excerpt":"Tener un beb\u00e9 es una de las experiencias \u00fanicas que nos ofrece la vida, pero a menudo los primeros meses provoca ansiedad, dudas e inseguridad en los padres, sobre todo primerizos que cuando llegan a casa con \u00e9l est\u00e1n totalmente perdidos. Debemos estar tranquilos y acudir al pediatra si tenemos\u2026","rel":"","context":"En \u00abBeb\u00e9 y ni\u00f1o\u00bb","block_context":{"text":"Beb\u00e9 y ni\u00f1o","link":"https:\/\/mimaos.com\/blog\/category\/bebe-y-nino\/"},"img":{"alt_text":"cuidados del beb\u00e9","src":"https:\/\/i0.wp.com\/mimaos.com\/blog\/wp-content\/uploads\/2014\/05\/cuidados-del-bebe.jpg?resize=350%2C200&ssl=1","width":350,"height":200,"srcset":"https:\/\/i0.wp.com\/mimaos.com\/blog\/wp-content\/uploads\/2014\/05\/cuidados-del-bebe.jpg?resize=350%2C200&ssl=1 1x, https:\/\/i0.wp.com\/mimaos.com\/blog\/wp-content\/uploads\/2014\/05\/cuidados-del-bebe.jpg?resize=525%2C300&ssl=1 1.5x"},"classes":[]},{"id":2081,"url":"https:\/\/mimaos.com\/blog\/productos-adelgazantes\/","url_meta":{"origin":2720,"position":5},"title":"Nuestros productos adelgazantes recomendados","author":"Roberto Gim\u00e9nez","date":"15 diciembre, 2017","format":false,"excerpt":"Para poder gozar de una salud \u00f3ptima resulta fundamental centrarnos en nuestra l\u00ednea, en poder mejorar nuestro peso y concentrarnos en mantener una dieta sana y equilibrada a base de productos 100% naturales. Ahora bien, el motivo por el que muchas personas lo consiguen pasa por prestar atenci\u00f3n a puntos\u2026","rel":"","context":"En \u00abDiet\u00e9tica y nutrici\u00f3n\u00bb","block_context":{"text":"Diet\u00e9tica y nutrici\u00f3n","link":"https:\/\/mimaos.com\/blog\/category\/dietetica-y-nutricion\/"},"img":{"alt_text":"Lipograsil c\u00e1sico","src":"https:\/\/i0.wp.com\/mimaos.com\/blog\/wp-content\/uploads\/2017\/12\/lipograsil-e1571152111499-213x300.jpg?resize=350%2C200&ssl=1","width":350,"height":200},"classes":[]}],"jetpack_sharing_enabled":true,"_links":{"self":[{"href":"https:\/\/mimaos.com\/blog\/wp-json\/wp\/v2\/posts\/2720","targetHints":{"allow":["GET"]}}],"collection":[{"href":"https:\/\/mimaos.com\/blog\/wp-json\/wp\/v2\/posts"}],"about":[{"href":"https:\/\/mimaos.com\/blog\/wp-json\/wp\/v2\/types\/post"}],"author":[{"embeddable":true,"href":"https:\/\/mimaos.com\/blog\/wp-json\/wp\/v2\/users\/9"}],"replies":[{"embeddable":true,"href":"https:\/\/mimaos.com\/blog\/wp-json\/wp\/v2\/comments?post=2720"}],"version-history":[{"count":6,"href":"https:\/\/mimaos.com\/blog\/wp-json\/wp\/v2\/posts\/2720\/revisions"}],"predecessor-version":[{"id":2734,"href":"https:\/\/mimaos.com\/blog\/wp-json\/wp\/v2\/posts\/2720\/revisions\/2734"}],"wp:attachment":[{"href":"https:\/\/mimaos.com\/blog\/wp-json\/wp\/v2\/media?parent=2720"}],"wp:term":[{"taxonomy":"category","embeddable":true,"href":"https:\/\/mimaos.com\/blog\/wp-json\/wp\/v2\/categories?post=2720"},{"taxonomy":"post_tag","embeddable":true,"href":"https:\/\/mimaos.com\/blog\/wp-json\/wp\/v2\/tags?post=2720"}],"curies":[{"name":"wp","href":"https:\/\/api.w.org\/{rel}","templated":true}]}}