{"id":2461,"date":"2019-08-21T09:33:48","date_gmt":"2019-08-21T07:33:48","guid":{"rendered":"https:\/\/mimaos.com\/blog\/?p=2461"},"modified":"2023-07-25T11:53:09","modified_gmt":"2023-07-25T09:53:09","slug":"leches-especiales-para-bebes","status":"publish","type":"post","link":"https:\/\/mimaos.com\/blog\/leches-especiales-para-bebes\/","title":{"rendered":"Leches especiales para beb\u00e9s"},"content":{"rendered":"<p>Los m\u00e1s peques de la casa requieren de una atenci\u00f3n adaptada a su edad, de unos cuidados que garanticen su desarrollo y crecimiento. En este caso, las leches especiales son un componente esencial durante sus primeros a\u00f1os de vida, ya que aportan los nutrientes y vitaminas necesarios para que crezcan sanos.<!--more--><\/p>\n<p>Si estabas buscando leches especiales para tu peque, perm\u00edtenos mostrarte una selecci\u00f3n de los mejores productos del mercado, con vitaminas y elementos que contribuyen a mantener su organismo protegido a la vez que van creciendo.<\/p>\n<div align=\"center\">\n<div id=\"ez-toc-container\" class=\"ez-toc-v2_0_76 ez-toc-wrap-center counter-hierarchy ez-toc-counter ez-toc-custom ez-toc-container-direction\">\n<div class=\"ez-toc-title-container\">\n<p class=\"ez-toc-title ez-toc-toggle\" style=\"cursor:pointer\">Navegaci\u00f3n r\u00e1pida<\/p>\n<span class=\"ez-toc-title-toggle\"><a href=\"#\" class=\"ez-toc-pull-right ez-toc-btn ez-toc-btn-xs ez-toc-btn-default ez-toc-toggle\" aria-label=\"Alternar tabla de contenidos\"><span class=\"ez-toc-js-icon-con\"><span class=\"\"><span class=\"eztoc-hide\" style=\"display:none;\">Toggle<\/span><span class=\"ez-toc-icon-toggle-span\"><svg style=\"fill: #00a3b3;color:#00a3b3\" xmlns=\"http:\/\/www.w3.org\/2000\/svg\" class=\"list-377408\" width=\"20px\" height=\"20px\" viewBox=\"0 0 24 24\" fill=\"none\"><path d=\"M6 6H4v2h2V6zm14 0H8v2h12V6zM4 11h2v2H4v-2zm16 0H8v2h12v-2zM4 16h2v2H4v-2zm16 0H8v2h12v-2z\" fill=\"currentColor\"><\/path><\/svg><svg style=\"fill: #00a3b3;color:#00a3b3\" class=\"arrow-unsorted-368013\" xmlns=\"http:\/\/www.w3.org\/2000\/svg\" width=\"10px\" height=\"10px\" viewBox=\"0 0 24 24\" version=\"1.2\" baseProfile=\"tiny\"><path d=\"M18.2 9.3l-6.2-6.3-6.2 6.3c-.2.2-.3.4-.3.7s.1.5.3.7c.2.2.4.3.7.3h11c.3 0 .5-.1.7-.3.2-.2.3-.5.3-.7s-.1-.5-.3-.7zM5.8 14.7l6.2 6.3 6.2-6.3c.2-.2.3-.5.3-.7s-.1-.5-.3-.7c-.2-.2-.4-.3-.7-.3h-11c-.3 0-.5.1-.7.3-.2.2-.3.5-.3.7s.1.5.3.7z\"\/><\/svg><\/span><\/span><\/span><\/a><\/span><\/div>\n<nav><ul class='ez-toc-list ez-toc-list-level-1 ' ><li class='ez-toc-page-1 ez-toc-heading-level-2'><a class=\"ez-toc-link ez-toc-heading-1\" href=\"https:\/\/mimaos.com\/blog\/leches-especiales-para-bebes\/#Hero-Baby-Pedialac-Leche-AR-800-Gr\" >Hero Baby Pedialac Leche AR 800 Gr<\/a><\/li><li class='ez-toc-page-1 ez-toc-heading-level-2'><a class=\"ez-toc-link ez-toc-heading-2\" href=\"https:\/\/mimaos.com\/blog\/leches-especiales-para-bebes\/#Nestle-Nan-HA-Hipoalergenico-leche-para-lactantes-800-gr\" >Nestl\u00e9 Nan HA Hipoalerg\u00e9nico leche para lactantes 800 gr<\/a><\/li><li class='ez-toc-page-1 ez-toc-heading-level-2'><a class=\"ez-toc-link ez-toc-heading-3\" href=\"https:\/\/mimaos.com\/blog\/leches-especiales-para-bebes\/#Blemil-Plus-AC-800-Gr\" >Blemil Plus AC 800 Gr<\/a><\/li><\/ul><\/nav><\/div>\n<h2><span class=\"ez-toc-section\" id=\"Hero-Baby-Pedialac-Leche-AR-800-Gr\"><\/span><a href=\"https:\/\/mimaos.com\/producto\/hero-baby-pedialac-ar-800g\/\">Hero Baby Pedialac Leche AR 800 Gr<\/a><span class=\"ez-toc-section-end\"><\/span><\/h2>\n<p><a href=\"https:\/\/mimaos.com\/producto\/hero-baby-pedialac-ar-800g\/\"><img loading=\"lazy\" decoding=\"async\" class=\"alignnone wp-image-3100\" src=\"https:\/\/mimaos.com\/blog\/wp-content\/uploads\/2019\/08\/165569-768x1024.jpg\" alt=\"\" width=\"313\" height=\"398\" \/><\/a><\/p>\n<\/div>\n<p>Comenzamos con una leche de los laboratorios de Hero Baby, ideal tambi\u00e9n para reci\u00e9n nacidos. Es una leche de inicio formulada para reducir las regurgitaciones desde el primer d\u00eda. Mejora la digesti\u00f3n y aporta un algo aporte de \u00e1cidos grasos DHA y ARA.<\/p>\n<div align=\"center\"><\/div>\n<p>&nbsp;<\/p>\n<div align=\"center\">\n<h2><span class=\"ez-toc-section\" id=\"Nestle-Nan-HA-Hipoalergenico-leche-para-lactantes-800-gr\"><\/span><a href=\"https:\/\/mimaos.com\/producto\/nestle-nan-ha-hipoalergnico-leche-para-lactantes-800-gr\/\">Nestl\u00e9 Nan HA Hipoalerg\u00e9nico leche para lactantes 800 gr<\/a><span class=\"ez-toc-section-end\"><\/span><\/h2>\n<p><a href=\"https:\/\/mimaos.com\/producto\/nestle-nan-ha-hipoalergnico-leche-para-lactantes-800-gr\/\"><img loading=\"lazy\" decoding=\"async\" class=\"alignnone wp-image-2832\" src=\"https:\/\/mimaos.com\/blog\/wp-content\/uploads\/2019\/08\/188463-768x1024.png\" alt=\"\" width=\"242\" height=\"331\" \/><\/a><\/p>\n<\/div>\n<p>Las leches especiales de inicio pueden contener unas cantidades de lactosa que podr\u00edan afectar al tr\u00e1nsito intestinal de tu beb\u00e9, por eso Nestl\u00e9 te ofrece otra alternativa con una concentraci\u00f3n mucho m\u00e1s baja en lactosa, para que los trastornos digestivos no afecten a tu peque, permitiendo recuperar la normalidad en su digesti\u00f3n.<\/p>\n<p>Como puedes ver, Nestl\u00e9 ha sabido ofrecer productos especialmente indicados para tratar problemas digestivos y que tu beb\u00e9 pueda seguir ingiriendo una leche especial sin exponerse a los riesgos que puede provocar la elecci\u00f3n de un producto equivocado.<\/p>\n<div align=\"center\"><\/div>\n<div align=\"center\">\n<h2><span class=\"ez-toc-section\" id=\"Blemil-Plus-AC-800-Gr\"><\/span><a href=\"https:\/\/mimaos.com\/producto\/blemil-plus-ac-800-g\/\">Blemil Plus AC 800 Gr<\/a><span class=\"ez-toc-section-end\"><\/span><\/h2>\n<p><a href=\"https:\/\/mimaos.com\/producto\/blemil-plus-ac-800-g\/\"><img loading=\"lazy\" decoding=\"async\" class=\"alignnone wp-image-2466 size-medium\" src=\"https:\/\/mimaos.com\/blog\/wp-content\/uploads\/2019\/08\/leche-blemil-plus-ac-227x300.png\" alt=\"leche blemil plus ac\" width=\"227\" height=\"300\" srcset=\"https:\/\/mimaos.com\/blog\/wp-content\/uploads\/2019\/08\/leche-blemil-plus-ac-227x300.png 227w, https:\/\/mimaos.com\/blog\/wp-content\/uploads\/2019\/08\/leche-blemil-plus-ac.png 336w\" sizes=\"auto, (max-width: 227px) 100vw, 227px\" \/><\/a><\/p>\n<\/div>\n<p>Por \u00faltimo, pero no menos importante, la leche especial Blemil Plus AC es la opci\u00f3n ideal para aquellos beb\u00e9s que padezcan alg\u00fan tipo de desajuste digestivo, como la regurgitaci\u00f3n. \u00bfTe suena? Una de las ventajas que tiene es que se trata de una leche que podr\u00e1s empezar a suministrarle desde el principio hasta los primeros seis meses, como \u00fanico alimento incluso, ya que cuenta con todos los elementos necesarios para contribuir a su desarrollo y crecimiento. Adem\u00e1s, es una leche especial indicada tambi\u00e9n para peques con baja tolerancia a las prote\u00ednas de la leche de vaca o la propia lactosa.<\/p>\n<p>Recuerda que siempre tendr\u00e1s un tipo de leche especial adecuado a tus peques. Ahora solo depende de ti escoger aquella que mejor se adapte a sus necesidades y observa como cuidan y contribuyen en su crecimiento.<\/p>\n","protected":false},"excerpt":{"rendered":"<p>Los m\u00e1s peques de la casa requieren de una atenci\u00f3n adaptada a su edad, de unos cuidados que garanticen su desarrollo y crecimiento. En este caso, las leches especiales son un componente esencial durante sus primeros a\u00f1os de vida, ya que aportan los nutrientes y vitaminas necesarios para que crezcan sanos.<\/p>\n","protected":false},"author":11,"featured_media":0,"comment_status":"open","ping_status":"open","sticky":false,"template":"","format":"standard","meta":{"jetpack_post_was_ever_published":false,"_jetpack_newsletter_access":"","_jetpack_dont_email_post_to_subs":false,"_jetpack_newsletter_tier_id":0,"_jetpack_memberships_contains_paywalled_content":false,"_jetpack_memberships_contains_paid_content":false,"footnotes":"","jetpack_publicize_message":"","jetpack_publicize_feature_enabled":true,"jetpack_social_post_already_shared":true,"jetpack_social_options":{"image_generator_settings":{"template":"highway","default_image_id":0,"font":"","enabled":false},"version":2}},"categories":[190],"tags":[],"class_list":["post-2461","post","type-post","status-publish","format-standard","hentry","category-bebe-y-nino"],"jetpack_publicize_connections":[],"jetpack_featured_media_url":"","jetpack-related-posts":[{"id":1886,"url":"https:\/\/mimaos.com\/blog\/lactancia-materna-o-biberon\/","url_meta":{"origin":2461,"position":0},"title":"Lactancia Materna o Biber\u00f3n","author":"Lourdes Amat","date":"22 agosto, 2014","format":false,"excerpt":"Elegir entre la lactancia materna y la lactancia en biber\u00f3n es una de las primeras decisiones que tienen que tomar los padres primerizos, adem\u00e1s es una de las elecciones que m\u00e1s os preocupan a vosotras. La Organizaci\u00f3n Mundial de la salud (OMS) coincide con distintas organizaciones en las ventajas de\u2026","rel":"","context":"En \u00abBeb\u00e9 y ni\u00f1o\u00bb","block_context":{"text":"Beb\u00e9 y ni\u00f1o","link":"https:\/\/mimaos.com\/blog\/category\/bebe-y-nino\/"},"img":{"alt_text":"","src":"https:\/\/i0.wp.com\/mimaos.com\/blog\/wp-content\/uploads\/2014\/08\/lactancia-materna.jpg?resize=350%2C200&ssl=1","width":350,"height":200,"srcset":"https:\/\/i0.wp.com\/mimaos.com\/blog\/wp-content\/uploads\/2014\/08\/lactancia-materna.jpg?resize=350%2C200&ssl=1 1x, https:\/\/i0.wp.com\/mimaos.com\/blog\/wp-content\/uploads\/2014\/08\/lactancia-materna.jpg?resize=525%2C300&ssl=1 1.5x"},"classes":[]},{"id":3623,"url":"https:\/\/mimaos.com\/blog\/5-errores-al-preparar-un-biberon-y-como-evitarlos\/","url_meta":{"origin":2461,"position":1},"title":"5 Errores m\u00e1s comunes al preparar un biber\u00f3n y c\u00f3mo evitarlos","author":"Santiago","date":"3 junio, 2025","format":false,"excerpt":"\u00bfPreparas bien el biber\u00f3n de tu beb\u00e9? Evita estos errores comunes y aseg\u00farate una alimentaci\u00f3n segura Preparar un biber\u00f3n, especialmente para padres primerizos, puede generar muchas dudas e inseguridad por la falta de informaci\u00f3n. En este post te explicamos los 5 errores al preparar un biber\u00f3n c\u00f3mo evitarlos para que\u2026","rel":"","context":"En \u00abBeb\u00e9 y ni\u00f1o\u00bb","block_context":{"text":"Beb\u00e9 y ni\u00f1o","link":"https:\/\/mimaos.com\/blog\/category\/bebe-y-nino\/"},"img":{"alt_text":"errores al preparar un biber\u00f3n","src":"https:\/\/i0.wp.com\/mimaos.com\/blog\/wp-content\/uploads\/2025\/05\/Imagenes-destacadas-blog-preparar-biberon.jpg?resize=350%2C200&ssl=1","width":350,"height":200,"srcset":"https:\/\/i0.wp.com\/mimaos.com\/blog\/wp-content\/uploads\/2025\/05\/Imagenes-destacadas-blog-preparar-biberon.jpg?resize=350%2C200&ssl=1 1x, https:\/\/i0.wp.com\/mimaos.com\/blog\/wp-content\/uploads\/2025\/05\/Imagenes-destacadas-blog-preparar-biberon.jpg?resize=525%2C300&ssl=1 1.5x, https:\/\/i0.wp.com\/mimaos.com\/blog\/wp-content\/uploads\/2025\/05\/Imagenes-destacadas-blog-preparar-biberon.jpg?resize=700%2C400&ssl=1 2x, https:\/\/i0.wp.com\/mimaos.com\/blog\/wp-content\/uploads\/2025\/05\/Imagenes-destacadas-blog-preparar-biberon.jpg?resize=1050%2C600&ssl=1 3x"},"classes":[]},{"id":2134,"url":"https:\/\/mimaos.com\/blog\/los-mejores-protectores-solares-infantiles\/","url_meta":{"origin":2461,"position":2},"title":"Los mejores protectores solares infantiles","author":"Roberto Gim\u00e9nez","date":"7 marzo, 2018","format":false,"excerpt":"El Sol es necesario para la vida y a\u00fan m\u00e1s para la salud de la piel, ya que nos proporciona las vitaminas necesarias para que \u00e9sta presente un aspecto sano y nos proteja de multitud de agentes externos que podr\u00edan da\u00f1ar el organismo. Ahora bien, \u00bfCu\u00e1l es el mejor protector\u2026","rel":"","context":"En \u00abCuidado solar\u00bb","block_context":{"text":"Cuidado solar","link":"https:\/\/mimaos.com\/blog\/category\/cuidado-solar\/"},"img":{"alt_text":"FOTOPROTECTOR ISDIN PEDIATRICS TRANSPARENTE SPRAY WET SKIN","src":"https:\/\/i0.wp.com\/mimaos.com\/blog\/wp-content\/uploads\/2018\/03\/FOTOPROTECTOR-ISDIN-PEDIATRICS-TRANSPARENTE-SPRAY-WET-SKIN-128x300.png?resize=350%2C200&ssl=1","width":350,"height":200},"classes":[]},{"id":3029,"url":"https:\/\/mimaos.com\/blog\/las-mejores-vitaminas-solares-del-mercado\/","url_meta":{"origin":2461,"position":3},"title":"Las mejores vitaminas solares del mercado","author":"Santiago","date":"4 abril, 2022","format":false,"excerpt":"Vitaminas solares \u00bfqu\u00e9 son y para qu\u00e9 sirven? Las vitaminas solares son un complemento alimenticio indicado para preparar tu piel para la exposici\u00f3n solar y protegerla frente al da\u00f1o oxidativo de la radiaci\u00f3n solar. Una mala protecci\u00f3n o la falta de ella puede causar un fotoenvejecimiento prematuro de la piel\u2026","rel":"","context":"En \u00abCuidado solar\u00bb","block_context":{"text":"Cuidado solar","link":"https:\/\/mimaos.com\/blog\/category\/cuidado-solar\/"},"img":{"alt_text":"","src":"https:\/\/i0.wp.com\/mimaos.com\/blog\/wp-content\/uploads\/2022\/03\/197208-heliocare-360-d-plus-min-768x1024.jpg?resize=350%2C200&ssl=1","width":350,"height":200},"classes":[]},{"id":3657,"url":"https:\/\/mimaos.com\/blog\/vitaminas-prenatales-como-elegir-las-mejores\/","url_meta":{"origin":2461,"position":4},"title":"Las mejores vitaminas prenatales para futuras mam\u00e1s","author":"Santiago","date":"6 octubre, 2025","format":false,"excerpt":"Las necesidades nutricionales de una mujer embarazada son mucho m\u00e1s exigentes durante este periodo de su vida y no es suficiente con una dieta equilibrada. Las vitaminas prenatales son fundamentales incluso antes de la concepci\u00f3n, para preparar el cuerpo de la mujer para un embarazo saludable. En apenas unos minutos\u2026","rel":"","context":"En \u00abEmbarazo y lactancia\u00bb","block_context":{"text":"Embarazo y lactancia","link":"https:\/\/mimaos.com\/blog\/category\/embarazo-y-lactancia\/"},"img":{"alt_text":"","src":"https:\/\/i0.wp.com\/mimaos.com\/blog\/wp-content\/uploads\/2025\/06\/Nutrientes_prenatales_esenciales-1024x352.png?resize=350%2C200&ssl=1","width":350,"height":200,"srcset":"https:\/\/i0.wp.com\/mimaos.com\/blog\/wp-content\/uploads\/2025\/06\/Nutrientes_prenatales_esenciales-1024x352.png?resize=350%2C200&ssl=1 1x, https:\/\/i0.wp.com\/mimaos.com\/blog\/wp-content\/uploads\/2025\/06\/Nutrientes_prenatales_esenciales-1024x352.png?resize=525%2C300&ssl=1 1.5x"},"classes":[]},{"id":3140,"url":"https:\/\/mimaos.com\/blog\/preparate-para-la-llegada-de-tu-bebe-productos-imprescindibles\/","url_meta":{"origin":2461,"position":5},"title":"Prep\u00e1rate para la llegada de tu beb\u00e9: productos imprescindibles","author":"Santiago","date":"4 noviembre, 2022","format":false,"excerpt":"La llegada de un nuevo miembro a la familia es una alegr\u00eda y una revoluci\u00f3n en el hogar. Tener todo listo para la llegada de un beb\u00e9 puede calmar los nervios de los futuros padres. Os dejamos un checklist de productos de cuidado e higiene imprescindibles para el primer a\u00f1o\u2026","rel":"","context":"En \u00abBeb\u00e9 y ni\u00f1o\u00bb","block_context":{"text":"Beb\u00e9 y ni\u00f1o","link":"https:\/\/mimaos.com\/blog\/category\/bebe-y-nino\/"},"img":{"alt_text":"","src":"https:\/\/i0.wp.com\/mimaos.com\/blog\/wp-content\/uploads\/2022\/10\/165773-1-768x1024.jpg?resize=350%2C200&ssl=1","width":350,"height":200},"classes":[]}],"jetpack_sharing_enabled":true,"_links":{"self":[{"href":"https:\/\/mimaos.com\/blog\/wp-json\/wp\/v2\/posts\/2461","targetHints":{"allow":["GET"]}}],"collection":[{"href":"https:\/\/mimaos.com\/blog\/wp-json\/wp\/v2\/posts"}],"about":[{"href":"https:\/\/mimaos.com\/blog\/wp-json\/wp\/v2\/types\/post"}],"author":[{"embeddable":true,"href":"https:\/\/mimaos.com\/blog\/wp-json\/wp\/v2\/users\/11"}],"replies":[{"embeddable":true,"href":"https:\/\/mimaos.com\/blog\/wp-json\/wp\/v2\/comments?post=2461"}],"version-history":[{"count":11,"href":"https:\/\/mimaos.com\/blog\/wp-json\/wp\/v2\/posts\/2461\/revisions"}],"predecessor-version":[{"id":3278,"href":"https:\/\/mimaos.com\/blog\/wp-json\/wp\/v2\/posts\/2461\/revisions\/3278"}],"wp:attachment":[{"href":"https:\/\/mimaos.com\/blog\/wp-json\/wp\/v2\/media?parent=2461"}],"wp:term":[{"taxonomy":"category","embeddable":true,"href":"https:\/\/mimaos.com\/blog\/wp-json\/wp\/v2\/categories?post=2461"},{"taxonomy":"post_tag","embeddable":true,"href":"https:\/\/mimaos.com\/blog\/wp-json\/wp\/v2\/tags?post=2461"}],"curies":[{"name":"wp","href":"https:\/\/api.w.org\/{rel}","templated":true}]}}