{"id":2171,"date":"2018-05-22T17:30:31","date_gmt":"2018-05-22T15:30:31","guid":{"rendered":"https:\/\/mimaos.com\/blog\/?p=2171"},"modified":"2020-05-06T13:09:45","modified_gmt":"2020-05-06T11:09:45","slug":"los-mejores-after-sun-para-este-verano","status":"publish","type":"post","link":"https:\/\/mimaos.com\/blog\/los-mejores-after-sun-para-este-verano\/","title":{"rendered":"Los mejores After Sun para este verano"},"content":{"rendered":"<p>Como ya sabemos, la exposici\u00f3n prolongada bajo la radiaci\u00f3n solar puede alterar y perjudicar las condiciones saludables de nuestra piel, provocando quemaduras, irritaciones y un largo etc\u00e9tera relacionado con enfermedades mucho m\u00e1s serias y perjudiciales para la salud. Para evitar este riesgo, el remedio se encuentra en la prevenci\u00f3n, por eso hemos seleccionado algunos de los mejores productos dedicados a proteger nuestra piel y as\u00ed poder seguir disfrutando del Sol durante el resto del d\u00eda.<\/p>\n<p><!--more--><\/p>\n<div id=\"ez-toc-container\" class=\"ez-toc-v2_0_76 ez-toc-wrap-center counter-hierarchy ez-toc-counter ez-toc-custom ez-toc-container-direction\">\n<div class=\"ez-toc-title-container\">\n<p class=\"ez-toc-title ez-toc-toggle\" style=\"cursor:pointer\">Navegaci\u00f3n r\u00e1pida<\/p>\n<span class=\"ez-toc-title-toggle\"><a href=\"#\" class=\"ez-toc-pull-right ez-toc-btn ez-toc-btn-xs ez-toc-btn-default ez-toc-toggle\" aria-label=\"Alternar tabla de contenidos\"><span class=\"ez-toc-js-icon-con\"><span class=\"\"><span class=\"eztoc-hide\" style=\"display:none;\">Toggle<\/span><span class=\"ez-toc-icon-toggle-span\"><svg style=\"fill: #00a3b3;color:#00a3b3\" xmlns=\"http:\/\/www.w3.org\/2000\/svg\" class=\"list-377408\" width=\"20px\" height=\"20px\" viewBox=\"0 0 24 24\" fill=\"none\"><path d=\"M6 6H4v2h2V6zm14 0H8v2h12V6zM4 11h2v2H4v-2zm16 0H8v2h12v-2zM4 16h2v2H4v-2zm16 0H8v2h12v-2z\" fill=\"currentColor\"><\/path><\/svg><svg style=\"fill: #00a3b3;color:#00a3b3\" class=\"arrow-unsorted-368013\" xmlns=\"http:\/\/www.w3.org\/2000\/svg\" width=\"10px\" height=\"10px\" viewBox=\"0 0 24 24\" version=\"1.2\" baseProfile=\"tiny\"><path d=\"M18.2 9.3l-6.2-6.3-6.2 6.3c-.2.2-.3.4-.3.7s.1.5.3.7c.2.2.4.3.7.3h11c.3 0 .5-.1.7-.3.2-.2.3-.5.3-.7s-.1-.5-.3-.7zM5.8 14.7l6.2 6.3 6.2-6.3c.2-.2.3-.5.3-.7s-.1-.5-.3-.7c-.2-.2-.4-.3-.7-.3h-11c-.3 0-.5.1-.7.3-.2.2-.3.5-.3.7s.1.5.3.7z\"\/><\/svg><\/span><\/span><\/span><\/a><\/span><\/div>\n<nav><ul class='ez-toc-list ez-toc-list-level-1 ' ><li class='ez-toc-page-1 ez-toc-heading-level-2'><a class=\"ez-toc-link ez-toc-heading-1\" href=\"https:\/\/mimaos.com\/blog\/los-mejores-after-sun-para-este-verano\/#Isdin-After-Sun-Spray-efecto-inmediato-repara-la-piel-despues-de-la-exposicion-solar\" >Isdin After Sun Spray efecto inmediato repara la piel despu\u00e9s de la exposici\u00f3n solar<\/a><\/li><li class='ez-toc-page-1 ez-toc-heading-level-2'><a class=\"ez-toc-link ez-toc-heading-2\" href=\"https:\/\/mimaos.com\/blog\/los-mejores-after-sun-para-este-verano\/#La-Roche-Posay-Posthelios-hidrata-y-repara-la-piel\" >La Roche Posay Posthelios, hidrata y repara la piel<\/a><\/li><li class='ez-toc-page-1 ez-toc-heading-level-2'><a class=\"ez-toc-link ez-toc-heading-3\" href=\"https:\/\/mimaos.com\/blog\/los-mejores-after-sun-para-este-verano\/#Isdin-After-Sun-Lotion-suavidad-y-frescura-en-la-piel\" >Isdin After Sun Lotion, suavidad y frescura en la piel<\/a><\/li><li class='ez-toc-page-1 ez-toc-heading-level-2'><a class=\"ez-toc-link ez-toc-heading-4\" href=\"https:\/\/mimaos.com\/blog\/los-mejores-after-sun-para-este-verano\/#Aceite-Seco-Multifunciones-Elixir-de-Monoi-Polysianes\" >Aceite Seco Multifunciones Elixir de Monoi Polysianes<\/a><\/li><\/ul><\/nav><\/div>\n<h2><span class=\"ez-toc-section\" id=\"Isdin-After-Sun-Spray-efecto-inmediato-repara-la-piel-despues-de-la-exposicion-solar\"><\/span><a href=\"https:\/\/mimaos.com\/producto\/isdin-after-sun-efecto-inmediato-200-ml-spray\/\">Isdin After Sun Spray efecto inmediato repara la piel despu\u00e9s de la exposici\u00f3n solar<\/a><span class=\"ez-toc-section-end\"><\/span><\/h2>\n<p>Los rayos del Sol pueden provocar irritaci\u00f3n y enrojecimiento de la piel, haciendo que nos encontremos inc\u00f3modos y con molestias durante el resto del d\u00eda. Para poder evitarlo, Isdin ha elaborado una loci\u00f3n en spray especialmente indicada para su aplicaci\u00f3n despu\u00e9s de la exposici\u00f3n al Sol, permitiendo aliviar la piel y retorn\u00e1ndola a un estado suave y saludable.<\/p>\n<p>Es ideal para todo tipo de pieles, por lo que no debes preocuparte por nada m\u00e1s que por llevarlo contigo en aquellos d\u00edas en los que el Sol es el protagonista. No importa si es grasa o sensible, ya que sus componentes act\u00faan eficazmente sobre cualquier tipo de superficie cut\u00e1nea.<\/p>\n<div align=\"center\"><a href=\"https:\/\/mimaos.com\/producto\/isdin-after-sun-efecto-inmediato-200-ml-spray\/\"><img loading=\"lazy\" decoding=\"async\" class=\"aligncenter wp-image-2174 size-medium\" src=\"https:\/\/mimaos.com\/blog\/wp-content\/uploads\/2018\/05\/Isdin-after-sun-spray-190x300.png\" alt=\"Isdin after sun spray\" width=\"190\" height=\"300\" srcset=\"https:\/\/mimaos.com\/blog\/wp-content\/uploads\/2018\/05\/Isdin-after-sun-spray-190x300.png 190w, https:\/\/mimaos.com\/blog\/wp-content\/uploads\/2018\/05\/Isdin-after-sun-spray.png 281w\" sizes=\"auto, (max-width: 190px) 100vw, 190px\" \/><\/a><\/div>\n<h2><span class=\"ez-toc-section\" id=\"La-Roche-Posay-Posthelios-hidrata-y-repara-la-piel\"><\/span><a href=\"https:\/\/mimaos.com\/producto\/isdin-after-sun-efecto-inmediato-200-ml-spray\/\">La Roche Posay Posthelios, hidrata y repara la piel<\/a><span class=\"ez-toc-section-end\"><\/span><\/h2>\n<p>La piel sufre cuando la exponemos al Sol, sobre todo en aquellos momentos donde la exposici\u00f3n es prologada. Para evitar el estr\u00e9s causado por la radiaci\u00f3n solar, La Roche Posay nos ofrece un producto capaz de reparar y rehidratar los l\u00edpidos que han quedado da\u00f1ados en aquellas zonas donde la piel se ha resecado.<\/p>\n<p>Adem\u00e1s, sus componentes permiten que recuperemos el tono suave e hidratado que ten\u00edamos antes de la exposici\u00f3n, por lo que es muy recomendable aplicarlo en forma de masaje despu\u00e9s del ba\u00f1o o la ducha. Sus efectos son percibidos nada m\u00e1s aplicarlo sobre la piel.<\/p>\n<div align=\"center\"><a href=\"https:\/\/mimaos.com\/producto\/isdin-after-sun-efecto-inmediato-200-ml-spray\/\"><img loading=\"lazy\" decoding=\"async\" class=\"aligncenter wp-image-2175 size-medium\" src=\"https:\/\/mimaos.com\/blog\/wp-content\/uploads\/2018\/05\/la-roche-posay-posthelios-165x300.png\" alt=\"After Sun la roche posay Posthelios\" width=\"165\" height=\"300\" srcset=\"https:\/\/mimaos.com\/blog\/wp-content\/uploads\/2018\/05\/la-roche-posay-posthelios-165x300.png 165w, https:\/\/mimaos.com\/blog\/wp-content\/uploads\/2018\/05\/la-roche-posay-posthelios.png 264w\" sizes=\"auto, (max-width: 165px) 100vw, 165px\" \/><\/a><\/div>\n<h2><span class=\"ez-toc-section\" id=\"Isdin-After-Sun-Lotion-suavidad-y-frescura-en-la-piel\"><\/span><a href=\"https:\/\/mimaos.com\/producto\/isdin-after-sun-efecto-inmediato-200-ml-spray\/\">Isdin After Sun Lotion, suavidad y frescura en la piel<\/a><span class=\"ez-toc-section-end\"><\/span><\/h2>\n<p>El efecto calmante es siempre una ventaja para recuperar la salud en la piel despu\u00e9s de un d\u00eda en el que nos hemos excedido exponiendo nuestra piel bajo los rayos solares. Isdin nos ofrece un producto especialmente dise\u00f1ado para hidratar y refrescar todas aquellas zonas que han sido da\u00f1adas por la radiaci\u00f3n solar, proporcionando un efecto calmante y sedoso sobre nuestra piel.<\/p>\n<p>Su aplicaci\u00f3n es sencilla, ya que solo bastar\u00e1 con aplicarlo en forma de masaje sobre la superficie cut\u00e1nea y sentir su efecto reparador en apenas unos segundos. Es el recomendado si viajas a zonas tropicales o haces excursiones , este es tu recomendado. Es el complemento perfecto despu\u00e9s de los d\u00edas de playa o piscina.<\/p>\n<div align=\"center\"><a href=\"https:\/\/mimaos.com\/producto\/isdin-after-sun-efecto-inmediato-200-ml-spray\/\"><img loading=\"lazy\" decoding=\"async\" class=\"aligncenter wp-image-2173 size-medium\" src=\"https:\/\/mimaos.com\/blog\/wp-content\/uploads\/2018\/05\/isdin-after-sun-locion-171x300.png\" alt=\"After sun Isdin locion\" width=\"171\" height=\"300\" srcset=\"https:\/\/mimaos.com\/blog\/wp-content\/uploads\/2018\/05\/isdin-after-sun-locion-171x300.png 171w, https:\/\/mimaos.com\/blog\/wp-content\/uploads\/2018\/05\/isdin-after-sun-locion.png 263w\" sizes=\"auto, (max-width: 171px) 100vw, 171px\" \/><\/a><\/div>\n<h2><span class=\"ez-toc-section\" id=\"Aceite-Seco-Multifunciones-Elixir-de-Monoi-Polysianes\"><\/span><a href=\"https:\/\/mimaos.com\/producto\/isdin-after-sun-efecto-inmediato-200-ml-spray\/\">Aceite Seco Multifunciones Elixir de Monoi Polysianes<\/a><span class=\"ez-toc-section-end\"><\/span><\/h2>\n<p>El fotoenvejecimiento de la piel se acelera durante la sobreexposici\u00f3n al Sol, provoca la oxidaci\u00f3n de los tejidos y sus efectos son visibles en la propia piel. Para evitarlo, el aceite Polysianes Elixir de Monoi cuenta con propiedades antioxidantes capaces de mantener la piel hidratada y en perfectas condiciones. Es ideal para cara, cuerpo y cabello.<\/p>\n<p>Adem\u00e1s, en su composici\u00f3n encontraremos la Vitamina A, la cual contribuye a regenerar los tejidos da\u00f1ados rejuveneciendo el estado de la piel. Su aplicaci\u00f3n es sencilla, mientras que su composici\u00f3n a base de Coco, Jojoba, C\u00e1rtamo, Onagra y S\u00e9samo, proporcionan una absorci\u00f3n completa sin provocar obstrucci\u00f3n alguna en los poros. Es el producto ideal para mantener la piel hidratada y protegida ante cualquier tipo de agresi\u00f3n solar.<\/p>\n<div align=\"center\"><a href=\"https:\/\/mimaos.com\/producto\/isdin-after-sun-efecto-inmediato-200-ml-spray\/\"><img loading=\"lazy\" decoding=\"async\" class=\"aligncenter wp-image-2172 size-medium\" src=\"https:\/\/mimaos.com\/blog\/wp-content\/uploads\/2018\/05\/aceite-seco-eleixir-monoi-123x300.png\" alt=\"aceite seco eleixir monoi\" width=\"123\" height=\"300\" srcset=\"https:\/\/mimaos.com\/blog\/wp-content\/uploads\/2018\/05\/aceite-seco-eleixir-monoi-123x300.png 123w, https:\/\/mimaos.com\/blog\/wp-content\/uploads\/2018\/05\/aceite-seco-eleixir-monoi.png 189w\" sizes=\"auto, (max-width: 123px) 100vw, 123px\" \/><\/a><\/div>\n<p>&nbsp;<\/p>\n<blockquote><p>Recuerda que la piel siempre ha de estar protegida, la radiaci\u00f3n solar es un elemento da\u00f1ino que podr\u00eda generar graves problemas de salud si no tomas las precauciones necesarias. Cuenta siempre con un After Sun para garantizar, mantener y prolongar el correcto funcionamiento de tu piel y sigue disfrutando del Sol como siempre.<\/p><\/blockquote>\n","protected":false},"excerpt":{"rendered":"<p>Como ya sabemos, la exposici\u00f3n prolongada bajo la radiaci\u00f3n solar puede alterar y perjudicar las condiciones saludables de nuestra piel, provocando quemaduras, irritaciones y un largo etc\u00e9tera relacionado con enfermedades mucho m\u00e1s serias y perjudiciales para la salud. Para evitar este riesgo, el remedio se encuentra en la prevenci\u00f3n, por eso hemos seleccionado algunos de [&hellip;]<\/p>\n","protected":false},"author":11,"featured_media":0,"comment_status":"open","ping_status":"open","sticky":false,"template":"","format":"standard","meta":{"jetpack_post_was_ever_published":false,"_jetpack_newsletter_access":"","_jetpack_dont_email_post_to_subs":false,"_jetpack_newsletter_tier_id":0,"_jetpack_memberships_contains_paywalled_content":false,"_jetpack_memberships_contains_paid_content":false,"footnotes":"","jetpack_publicize_message":"","jetpack_publicize_feature_enabled":true,"jetpack_social_post_already_shared":true,"jetpack_social_options":{"image_generator_settings":{"template":"highway","default_image_id":0,"font":"","enabled":false},"version":2}},"categories":[195],"tags":[],"class_list":["post-2171","post","type-post","status-publish","format-standard","hentry","category-cuidado-solar"],"jetpack_publicize_connections":[],"jetpack_featured_media_url":"","jetpack-related-posts":[{"id":2151,"url":"https:\/\/mimaos.com\/blog\/los-mejores-protectores-solares-corporales\/","url_meta":{"origin":2171,"position":0},"title":"Los mejores protectores solares corporales","author":"Roberto Gim\u00e9nez","date":"12 abril, 2018","format":false,"excerpt":"La piel es nuestro primer escudo frente a los agentes nocivos del exterior, por eso, adem\u00e1s de preocuparnos por lucirla con un tono bronceado y en perfectas condiciones, tambi\u00e9n debemos apostar por mantenerla completamente protegida de nuestro enemigo n\u00famero uno; el Sol. Emplear bronceadores en los que no se incluya\u2026","rel":"","context":"En \u00abCuidado solar\u00bb","block_context":{"text":"Cuidado solar","link":"https:\/\/mimaos.com\/blog\/category\/cuidado-solar\/"},"img":{"alt_text":"Isdin fotoprotector transparente","src":"https:\/\/i0.wp.com\/mimaos.com\/blog\/wp-content\/uploads\/2018\/04\/Isdin-fotoprotector-transparente-159x300.png?resize=350%2C200&ssl=1","width":350,"height":200},"classes":[]},{"id":2134,"url":"https:\/\/mimaos.com\/blog\/los-mejores-protectores-solares-infantiles\/","url_meta":{"origin":2171,"position":1},"title":"Los mejores protectores solares infantiles","author":"Roberto Gim\u00e9nez","date":"7 marzo, 2018","format":false,"excerpt":"El Sol es necesario para la vida y a\u00fan m\u00e1s para la salud de la piel, ya que nos proporciona las vitaminas necesarias para que \u00e9sta presente un aspecto sano y nos proteja de multitud de agentes externos que podr\u00edan da\u00f1ar el organismo. Ahora bien, \u00bfCu\u00e1l es el mejor protector\u2026","rel":"","context":"En \u00abCuidado solar\u00bb","block_context":{"text":"Cuidado solar","link":"https:\/\/mimaos.com\/blog\/category\/cuidado-solar\/"},"img":{"alt_text":"FOTOPROTECTOR ISDIN PEDIATRICS TRANSPARENTE SPRAY WET SKIN","src":"https:\/\/i0.wp.com\/mimaos.com\/blog\/wp-content\/uploads\/2018\/03\/FOTOPROTECTOR-ISDIN-PEDIATRICS-TRANSPARENTE-SPRAY-WET-SKIN-128x300.png?resize=350%2C200&ssl=1","width":350,"height":200},"classes":[]},{"id":3283,"url":"https:\/\/mimaos.com\/blog\/que-hacer-cuando-te-has-quemado-con-el-sol\/","url_meta":{"origin":2171,"position":2},"title":"Qu\u00e9 hacer cuando te has quemado con el sol","author":"Santiago","date":"3 agosto, 2023","format":false,"excerpt":"Las quemaduras solares pueden ser algo habitual si no llevas cuidado y tomas las medidas adecuadas. Quemarse con el sol es perjudicial para tu piel a corto y largo plazo. Descubre c\u00f3mo prevenir y tratar las quemaduras producidas por el sol. La prevenci\u00f3n es la clave: c\u00f3mo evitar las quemaduras\u2026","rel":"","context":"En \u00abCuidado solar\u00bb","block_context":{"text":"Cuidado solar","link":"https:\/\/mimaos.com\/blog\/category\/cuidado-solar\/"},"img":{"alt_text":"","src":"https:\/\/i0.wp.com\/mimaos.com\/blog\/wp-content\/uploads\/2023\/07\/after-sun-isdin-768x1024.jpg?resize=350%2C200&ssl=1","width":350,"height":200},"classes":[]},{"id":2091,"url":"https:\/\/mimaos.com\/blog\/mejores-vitaminas-solares\/","url_meta":{"origin":2171,"position":3},"title":"Vitaminas para el Sol; Conoce los productos destacados que velan por tu piel","author":"Roberto Gim\u00e9nez","date":"24 enero, 2018","format":false,"excerpt":"Aunque muchos somos conscientes de los consejos para proteger nuestra piel tras exposiciones prolongadas al sol, pocos son los que realmente los siguen. El Sol es necesario para la vida, es \u00fatil e imprescindible para que gocemos de buena salud, pero siempre con la mayor de las precauciones. En esta\u2026","rel":"","context":"En \u00abCuidado solar\u00bb","block_context":{"text":"Cuidado solar","link":"https:\/\/mimaos.com\/blog\/category\/cuidado-solar\/"},"img":{"alt_text":"","src":"https:\/\/i0.wp.com\/mimaos.com\/blog\/wp-content\/uploads\/2018\/01\/3481461-768x1024.jpg?resize=350%2C200&ssl=1","width":350,"height":200},"classes":[]},{"id":2740,"url":"https:\/\/mimaos.com\/blog\/piel-con-manchas-cuando-y-como-tratarlas\/","url_meta":{"origin":2171,"position":4},"title":"Piel con manchas: cu\u00e1ndo y c\u00f3mo tratarlas","author":"Santiago","date":"3 diciembre, 2020","format":false,"excerpt":"La aparici\u00f3n de manchas en la piel especialmente en el rostro, cuello o manos, puede deberse a una acumulaci\u00f3n de melanina en determinados puntos que causa lo que se conoce como hiperpigmentaciones.Las causas m\u00e1s comunes de su aparici\u00f3n son: \u2022 Exposici\u00f3n prolongada al sol \u2022 Fotoenvejecimiento \u2022 Causas gen\u00e9ticas \u2022\u2026","rel":"","context":"En \u00abCosm\u00e9tica y belleza\u00bb","block_context":{"text":"Cosm\u00e9tica y belleza","link":"https:\/\/mimaos.com\/blog\/category\/cosmetica-y-belleza\/"},"img":{"alt_text":"","src":"https:\/\/i0.wp.com\/mimaos.com\/blog\/wp-content\/uploads\/2020\/11\/161518-768x1024.jpg?resize=350%2C200&ssl=1","width":350,"height":200},"classes":[]},{"id":3029,"url":"https:\/\/mimaos.com\/blog\/las-mejores-vitaminas-solares-del-mercado\/","url_meta":{"origin":2171,"position":5},"title":"Las mejores vitaminas solares del mercado","author":"Santiago","date":"4 abril, 2022","format":false,"excerpt":"Vitaminas solares \u00bfqu\u00e9 son y para qu\u00e9 sirven? Las vitaminas solares son un complemento alimenticio indicado para preparar tu piel para la exposici\u00f3n solar y protegerla frente al da\u00f1o oxidativo de la radiaci\u00f3n solar. Una mala protecci\u00f3n o la falta de ella puede causar un fotoenvejecimiento prematuro de la piel\u2026","rel":"","context":"En \u00abCuidado solar\u00bb","block_context":{"text":"Cuidado solar","link":"https:\/\/mimaos.com\/blog\/category\/cuidado-solar\/"},"img":{"alt_text":"","src":"https:\/\/i0.wp.com\/mimaos.com\/blog\/wp-content\/uploads\/2022\/03\/197208-heliocare-360-d-plus-min-768x1024.jpg?resize=350%2C200&ssl=1","width":350,"height":200},"classes":[]}],"jetpack_sharing_enabled":true,"_links":{"self":[{"href":"https:\/\/mimaos.com\/blog\/wp-json\/wp\/v2\/posts\/2171","targetHints":{"allow":["GET"]}}],"collection":[{"href":"https:\/\/mimaos.com\/blog\/wp-json\/wp\/v2\/posts"}],"about":[{"href":"https:\/\/mimaos.com\/blog\/wp-json\/wp\/v2\/types\/post"}],"author":[{"embeddable":true,"href":"https:\/\/mimaos.com\/blog\/wp-json\/wp\/v2\/users\/11"}],"replies":[{"embeddable":true,"href":"https:\/\/mimaos.com\/blog\/wp-json\/wp\/v2\/comments?post=2171"}],"version-history":[{"count":7,"href":"https:\/\/mimaos.com\/blog\/wp-json\/wp\/v2\/posts\/2171\/revisions"}],"predecessor-version":[{"id":2620,"href":"https:\/\/mimaos.com\/blog\/wp-json\/wp\/v2\/posts\/2171\/revisions\/2620"}],"wp:attachment":[{"href":"https:\/\/mimaos.com\/blog\/wp-json\/wp\/v2\/media?parent=2171"}],"wp:term":[{"taxonomy":"category","embeddable":true,"href":"https:\/\/mimaos.com\/blog\/wp-json\/wp\/v2\/categories?post=2171"},{"taxonomy":"post_tag","embeddable":true,"href":"https:\/\/mimaos.com\/blog\/wp-json\/wp\/v2\/tags?post=2171"}],"curies":[{"name":"wp","href":"https:\/\/api.w.org\/{rel}","templated":true}]}}