{"id":2064,"date":"2016-01-05T10:46:54","date_gmt":"2016-01-05T10:46:54","guid":{"rendered":"https:\/\/mimaos.com\/blog\/?p=2064"},"modified":"2020-01-29T14:03:10","modified_gmt":"2020-01-29T12:03:10","slug":"y-la-ganadora-de-la-sillita-de-bebe-es","status":"publish","type":"post","link":"https:\/\/mimaos.com\/blog\/y-la-ganadora-de-la-sillita-de-bebe-es\/","title":{"rendered":"Y la ganadora de la sillita de beb\u00e9 es&#8230;"},"content":{"rendered":"<p>Si te llamas <span style=\"text-decoration: underline;\"><strong>Mar\u00eda Gallego<\/strong><\/span> est\u00e1s de suerte, porque eres la ganadora de la sillita que sorteamos en Parafarmacia Mimaos. Esperamos\u00a0que la disfrutes con tu hijo, hija, sobrino, sobrina o peque\u00f1\u00edn presente o futuro.<!--more--><\/p>\n<p>\u00a1Muchas gracias a todos los que hab\u00e9is participado en este sorteo! Ya estamos preparando otro que publicaremos muy pronto. \u00a1Estad atentos!<\/p>\n<p>Mar\u00eda, nos pondremos en contacto contigo escribiendo al email que nos has facilitado para hacerte llegar la sillita. \u00a1Felicidades!<\/p>\n<p><a href=\"https:\/\/mimaos.com\/blog\/wp-content\/uploads\/2016\/01\/silla-1.jpg\"><img loading=\"lazy\" decoding=\"async\" class=\"alignnone wp-image-2561 size-medium\" src=\"https:\/\/mimaos.com\/blog\/wp-content\/uploads\/2016\/01\/silla-1-300x241.jpg\" alt=\"\" width=\"300\" height=\"241\" srcset=\"https:\/\/mimaos.com\/blog\/wp-content\/uploads\/2016\/01\/silla-1-300x241.jpg 300w, https:\/\/mimaos.com\/blog\/wp-content\/uploads\/2016\/01\/silla-1-768x616.jpg 768w, https:\/\/mimaos.com\/blog\/wp-content\/uploads\/2016\/01\/silla-1.jpg 810w\" sizes=\"auto, (max-width: 300px) 100vw, 300px\" \/><\/a><\/p>\n","protected":false},"excerpt":{"rendered":"<p>Si te llamas Mar\u00eda Gallego est\u00e1s de suerte, porque eres la ganadora de la sillita que sorteamos en Parafarmacia Mimaos. Esperamos\u00a0que la disfrutes con tu hijo, hija, sobrino, sobrina o peque\u00f1\u00edn presente o futuro.<\/p>\n","protected":false},"author":7,"featured_media":2065,"comment_status":"open","ping_status":"open","sticky":false,"template":"","format":"standard","meta":{"jetpack_post_was_ever_published":false,"_jetpack_newsletter_access":"","_jetpack_dont_email_post_to_subs":false,"_jetpack_newsletter_tier_id":0,"_jetpack_memberships_contains_paywalled_content":false,"_jetpack_memberships_contains_paid_content":false,"footnotes":"","jetpack_publicize_message":"","jetpack_publicize_feature_enabled":true,"jetpack_social_post_already_shared":false,"jetpack_social_options":{"image_generator_settings":{"template":"highway","default_image_id":0,"font":"","enabled":false},"version":2}},"categories":[206],"tags":[],"class_list":["post-2064","post","type-post","status-publish","format-standard","has-post-thumbnail","hentry","category-sorteos-y-concursos"],"jetpack_publicize_connections":[],"jetpack_featured_media_url":"https:\/\/mimaos.com\/blog\/wp-content\/uploads\/2016\/01\/silla.jpg","jetpack-related-posts":[{"id":1959,"url":"https:\/\/mimaos.com\/blog\/anunciamos-el-ganador-del-lote-de-productos-mimaos\/","url_meta":{"origin":2064,"position":0},"title":"Anunciamos el ganador del lote de productos Mimaos","author":"Lourdes Amat","date":"19 octubre, 2014","format":false,"excerpt":"\u00bfParticipaste en nuestro sorteo de Facebook? Si es as\u00ed seguro que estar\u00e1s deseando saber si eres el afortunado que se llevar\u00e1 un lote de productos Mimaos. Si te llamas Mamen Piris y eres de Alicante \u00a1Felicidades! En esta ocasi\u00f3n tu eres la ganadora. Nos pondremaos en contacto contigo para hacerte\u2026","rel":"","context":"En \u00abSorteos y concursos\u00bb","block_context":{"text":"Sorteos y concursos","link":"https:\/\/mimaos.com\/blog\/category\/sorteos-y-concursos\/"},"img":{"alt_text":"ganador lote de productos mimaos","src":"https:\/\/i0.wp.com\/mimaos.com\/blog\/wp-content\/uploads\/2014\/10\/GRACIAS-POR-PARTICIPAR-LOTE-MIMAOS.jpg?resize=350%2C200&ssl=1","width":350,"height":200,"srcset":"https:\/\/i0.wp.com\/mimaos.com\/blog\/wp-content\/uploads\/2014\/10\/GRACIAS-POR-PARTICIPAR-LOTE-MIMAOS.jpg?resize=350%2C200&ssl=1 1x, https:\/\/i0.wp.com\/mimaos.com\/blog\/wp-content\/uploads\/2014\/10\/GRACIAS-POR-PARTICIPAR-LOTE-MIMAOS.jpg?resize=525%2C300&ssl=1 1.5x"},"classes":[]},{"id":1981,"url":"https:\/\/mimaos.com\/blog\/cuida-tu-salud-digestiva\/","url_meta":{"origin":2064,"position":1},"title":"Cuida tu salud digestiva estas navidades: dec\u00e1logo del buen comedor","author":"Maria Dolores Reig","date":"29 octubre, 2014","format":false,"excerpt":"Es Navidad, por lo tanto hay que comer y beber hasta casi reventar, con la familia, con los amigos, con los compa\u00f1eros de trabajo\u2026 No podemos decir no a nadie, as\u00ed no es de extra\u00f1ar que nuestro estomago se ponga en pie de guerra y nos manifieste su inconformidad con\u2026","rel":"","context":"En \u00abDiet\u00e9tica y nutrici\u00f3n\u00bb","block_context":{"text":"Diet\u00e9tica y nutrici\u00f3n","link":"https:\/\/mimaos.com\/blog\/category\/dietetica-y-nutricion\/"},"img":{"alt_text":"comilona navide\u00f1a","src":"https:\/\/i0.wp.com\/mimaos.com\/blog\/wp-content\/uploads\/2014\/10\/comilona-navidad.jpg?resize=350%2C200&ssl=1","width":350,"height":200,"srcset":"https:\/\/i0.wp.com\/mimaos.com\/blog\/wp-content\/uploads\/2014\/10\/comilona-navidad.jpg?resize=350%2C200&ssl=1 1x, https:\/\/i0.wp.com\/mimaos.com\/blog\/wp-content\/uploads\/2014\/10\/comilona-navidad.jpg?resize=525%2C300&ssl=1 1.5x"},"classes":[]},{"id":2035,"url":"https:\/\/mimaos.com\/blog\/astenia-primaveral\/","url_meta":{"origin":2064,"position":2},"title":"La astenia primaveral: Qu\u00e9 es y consejos para combatirla","author":"Maria Dolores Reig","date":"7 marzo, 2015","format":false,"excerpt":"Con el paso de una estaci\u00f3n a otra, nuestro cuerpo sufre cambios. Ahora que se acerca la primavera, tenemos que prepararnos para combatirlos. \u00bfEn que consisten estos cambios?, \u00bfcomo pueden afectarnos en nuestra vida cotidiana? La perdida de\u00a0apetito, dificultad para conciliar el sue\u00f1o, cansancio f\u00edsico y mental son entre otros\u2026","rel":"","context":"En \u00abDiet\u00e9tica y nutrici\u00f3n\u00bb","block_context":{"text":"Diet\u00e9tica y nutrici\u00f3n","link":"https:\/\/mimaos.com\/blog\/category\/dietetica-y-nutricion\/"},"img":{"alt_text":"","src":"https:\/\/i0.wp.com\/mimaos.com\/blog\/wp-content\/uploads\/2015\/03\/astenia-primaveral-optim.jpg?resize=350%2C200&ssl=1","width":350,"height":200,"srcset":"https:\/\/i0.wp.com\/mimaos.com\/blog\/wp-content\/uploads\/2015\/03\/astenia-primaveral-optim.jpg?resize=350%2C200&ssl=1 1x, https:\/\/i0.wp.com\/mimaos.com\/blog\/wp-content\/uploads\/2015\/03\/astenia-primaveral-optim.jpg?resize=525%2C300&ssl=1 1.5x"},"classes":[]},{"id":2279,"url":"https:\/\/mimaos.com\/blog\/las-mejores-vitaminas\/","url_meta":{"origin":2064,"position":3},"title":"Las mejores vitaminas para superar el cambio estacional","author":"Roberto Gim\u00e9nez","date":"11 diciembre, 2018","format":false,"excerpt":"Durante los cambios estacionales nuestro organismo sufre tanto como cuando nos agotamos por el trabajo o por determinadas situaciones personales y, de la forma que sea, es el propio cuerpo qui\u00e9n nos alerta de la necesidad de recargar las pilas, generando estr\u00e9s, dolores de cabeza, mareos, fatiga o incluso episodios\u2026","rel":"","context":"En \u00abDiet\u00e9tica y nutrici\u00f3n\u00bb","block_context":{"text":"Diet\u00e9tica y nutrici\u00f3n","link":"https:\/\/mimaos.com\/blog\/category\/dietetica-y-nutricion\/"},"img":{"alt_text":"","src":"https:\/\/i0.wp.com\/mimaos.com\/blog\/wp-content\/uploads\/2018\/12\/multicentrum-211x300.png?resize=350%2C200&ssl=1","width":350,"height":200},"classes":[]},{"id":2151,"url":"https:\/\/mimaos.com\/blog\/los-mejores-protectores-solares-corporales\/","url_meta":{"origin":2064,"position":4},"title":"Los mejores protectores solares corporales","author":"Roberto Gim\u00e9nez","date":"12 abril, 2018","format":false,"excerpt":"La piel es nuestro primer escudo frente a los agentes nocivos del exterior, por eso, adem\u00e1s de preocuparnos por lucirla con un tono bronceado y en perfectas condiciones, tambi\u00e9n debemos apostar por mantenerla completamente protegida de nuestro enemigo n\u00famero uno; el Sol. Emplear bronceadores en los que no se incluya\u2026","rel":"","context":"En \u00abCuidado solar\u00bb","block_context":{"text":"Cuidado solar","link":"https:\/\/mimaos.com\/blog\/category\/cuidado-solar\/"},"img":{"alt_text":"Isdin fotoprotector transparente","src":"https:\/\/i0.wp.com\/mimaos.com\/blog\/wp-content\/uploads\/2018\/04\/Isdin-fotoprotector-transparente-159x300.png?resize=350%2C200&ssl=1","width":350,"height":200},"classes":[]},{"id":1893,"url":"https:\/\/mimaos.com\/blog\/esquiva-de-un-salto-el-sindrome-post-vacacional\/","url_meta":{"origin":2064,"position":5},"title":"Esquiva de un salto el s\u00edndrome \u00abpost-vacacional\u00bb","author":"Lourdes Amat","date":"31 agosto, 2014","format":false,"excerpt":"Ya estamos a 1 de Septiembre, todas las vacaciones se han acabado y toca volver a una normalidad algunas veces agotadora despu\u00e9s de unos fant\u00e1sticos d\u00edas de descanso. Esa sensaci\u00f3n agotadora que apelmaza vuestro cuerpo es el llamado s\u00edndrome \u201cpost vacacional\u201d que nos atrae a problemas de sue\u00f1o, apetito, apat\u00eda,\u2026","rel":"","context":"En \u00abHigiene y salud\u00bb","block_context":{"text":"Higiene y salud","link":"https:\/\/mimaos.com\/blog\/category\/higiene-y-salud\/"},"img":{"alt_text":"","src":"https:\/\/i0.wp.com\/mimaos.com\/blog\/wp-content\/uploads\/2014\/08\/sindrome-post-vacacional.jpg?resize=350%2C200&ssl=1","width":350,"height":200,"srcset":"https:\/\/i0.wp.com\/mimaos.com\/blog\/wp-content\/uploads\/2014\/08\/sindrome-post-vacacional.jpg?resize=350%2C200&ssl=1 1x, https:\/\/i0.wp.com\/mimaos.com\/blog\/wp-content\/uploads\/2014\/08\/sindrome-post-vacacional.jpg?resize=525%2C300&ssl=1 1.5x"},"classes":[]}],"jetpack_sharing_enabled":true,"_links":{"self":[{"href":"https:\/\/mimaos.com\/blog\/wp-json\/wp\/v2\/posts\/2064","targetHints":{"allow":["GET"]}}],"collection":[{"href":"https:\/\/mimaos.com\/blog\/wp-json\/wp\/v2\/posts"}],"about":[{"href":"https:\/\/mimaos.com\/blog\/wp-json\/wp\/v2\/types\/post"}],"author":[{"embeddable":true,"href":"https:\/\/mimaos.com\/blog\/wp-json\/wp\/v2\/users\/7"}],"replies":[{"embeddable":true,"href":"https:\/\/mimaos.com\/blog\/wp-json\/wp\/v2\/comments?post=2064"}],"version-history":[{"count":7,"href":"https:\/\/mimaos.com\/blog\/wp-json\/wp\/v2\/posts\/2064\/revisions"}],"predecessor-version":[{"id":2563,"href":"https:\/\/mimaos.com\/blog\/wp-json\/wp\/v2\/posts\/2064\/revisions\/2563"}],"wp:featuredmedia":[{"embeddable":true,"href":"https:\/\/mimaos.com\/blog\/wp-json\/wp\/v2\/media\/2065"}],"wp:attachment":[{"href":"https:\/\/mimaos.com\/blog\/wp-json\/wp\/v2\/media?parent=2064"}],"wp:term":[{"taxonomy":"category","embeddable":true,"href":"https:\/\/mimaos.com\/blog\/wp-json\/wp\/v2\/categories?post=2064"},{"taxonomy":"post_tag","embeddable":true,"href":"https:\/\/mimaos.com\/blog\/wp-json\/wp\/v2\/tags?post=2064"}],"curies":[{"name":"wp","href":"https:\/\/api.w.org\/{rel}","templated":true}]}}