{"id":2054,"date":"2015-10-06T07:45:03","date_gmt":"2015-10-06T07:45:03","guid":{"rendered":"https:\/\/mimaos.com\/blog\/?p=2054"},"modified":"2020-05-06T15:58:19","modified_gmt":"2020-05-06T13:58:19","slug":"como-eliminar-los-piojos","status":"publish","type":"post","link":"https:\/\/mimaos.com\/blog\/como-eliminar-los-piojos\/","title":{"rendered":"\u00a1Piojos! \u00bfC\u00f3mo eliminarlos y prevenirlos?"},"content":{"rendered":"<p>Los piojos son pequ\u00e9\u00f1os par\u00e1sitos que se acomodan en nuestro cabello y porvocan una sensaci\u00f3n de picor muy molesta.<br \/>\nLa forma de transmisi\u00f3n es tan sencilla como mantener contacto con personas que los tengan, usar toallas, s\u00e1banas u otros utensilios que hayan sido usados por personas infectada. Por ello cuando alguien de nuestro entorno se encuentre con piojos, deberemos lavar con agua caliente toda la ropa de cama, cojines, toallas, peines y dem\u00e1s.<!--more--><\/p>\n<p><a href=\"https:\/\/mimaos.com\/blog\/wp-content\/uploads\/2015\/10\/Captura-de-pantalla-2015-10-06-a-las-9.42.59-1024x685-1.jpg\"><img loading=\"lazy\" decoding=\"async\" class=\"alignnone wp-image-2564 size-medium\" src=\"https:\/\/mimaos.com\/blog\/wp-content\/uploads\/2015\/10\/Captura-de-pantalla-2015-10-06-a-las-9.42.59-1024x685-1-300x201.jpg\" alt=\"\" width=\"300\" height=\"201\" srcset=\"https:\/\/mimaos.com\/blog\/wp-content\/uploads\/2015\/10\/Captura-de-pantalla-2015-10-06-a-las-9.42.59-1024x685-1-300x201.jpg 300w, https:\/\/mimaos.com\/blog\/wp-content\/uploads\/2015\/10\/Captura-de-pantalla-2015-10-06-a-las-9.42.59-1024x685-1-768x514.jpg 768w, https:\/\/mimaos.com\/blog\/wp-content\/uploads\/2015\/10\/Captura-de-pantalla-2015-10-06-a-las-9.42.59-1024x685-1.jpg 1024w\" sizes=\"auto, (max-width: 300px) 100vw, 300px\" \/><\/a><br \/>\nPara hacer que desaparezcan de nuestor cabello ncesitamos atacarlos con lociones o champ\u00fas pediculicidas. Una vez aplicado este tratamiento que los erradicar\u00e1, ser\u00eda conventiente repetirlo a los 7 d\u00edas evitando as\u00ed que sobreviva alguna liendre. Tambi\u00e9n debemos tener en cuenta el no mezclar productos, <strong>si el primer tratamiento se hizo con un producto la repetic\u00f3n debe de ser con el mismo<\/strong>.<br \/>\nNo debemos de asociar la aparici\u00f3n de piojos a la suciedad o a la dejadez sino que debemos verlo como un contagio.<br \/>\nNosotros recomendamos que useis repelentes para evitar que los mas peque\u00f1os, que son los que mas expuestos est\u00e1n, los contraigan. Como repeltente, adem\u00e1s de los repelentes como tal, se puede usar Aceite de \u00e1rbol de te mezlcado con el champ\u00fa de uso diar\u00edo que usan nuestros hijos.<\/p>\n<p>Conoce todos los <a title=\"tratamiento piojos\" href=\"https:\/\/mimaos.com\/catalogo\/bebe-y-nino\/salud-infantil\/tratamiento-piojos\/\">tratamientos y accesorios para eliminar los piojos<\/a> que puedes comprar en nuestra tienda online<br \/>\n\u00bfHas tenido piojos en tu familia este a\u00f1o? \u00bfNo consigues deshacerte de estos inc\u00f3modos bichitos? Cu\u00e9ntanos y te ayudamos.<\/p>\n","protected":false},"excerpt":{"rendered":"<p>Los piojos son pequ\u00e9\u00f1os par\u00e1sitos que se acomodan en nuestro cabello y porvocan una sensaci\u00f3n de picor muy molesta. La forma de transmisi\u00f3n es tan sencilla como mantener contacto con personas que los tengan, usar toallas, s\u00e1banas u otros utensilios que hayan sido usados por personas infectada. Por ello cuando alguien de nuestro entorno se [&hellip;]<\/p>\n","protected":false},"author":7,"featured_media":2055,"comment_status":"open","ping_status":"open","sticky":false,"template":"","format":"standard","meta":{"jetpack_post_was_ever_published":false,"_jetpack_newsletter_access":"","_jetpack_dont_email_post_to_subs":false,"_jetpack_newsletter_tier_id":0,"_jetpack_memberships_contains_paywalled_content":false,"_jetpack_memberships_contains_paid_content":false,"footnotes":"","jetpack_publicize_message":"","jetpack_publicize_feature_enabled":true,"jetpack_social_post_already_shared":false,"jetpack_social_options":{"image_generator_settings":{"template":"highway","default_image_id":0,"font":"","enabled":false},"version":2}},"categories":[190,202],"tags":[],"class_list":["post-2054","post","type-post","status-publish","format-standard","has-post-thumbnail","hentry","category-bebe-y-nino","category-higiene-y-salud"],"jetpack_publicize_connections":[],"jetpack_featured_media_url":"https:\/\/mimaos.com\/blog\/wp-content\/uploads\/2015\/10\/Captura-de-pantalla-2015-10-06-a-las-9.42.59.png","jetpack-related-posts":[{"id":2426,"url":"https:\/\/mimaos.com\/blog\/como-evitar-y-tratar-los-piojos-y-liendres\/","url_meta":{"origin":2054,"position":0},"title":"C\u00f3mo evitar y tratar los piojos y liendres","author":"Roberto Gim\u00e9nez","date":"5 junio, 2019","format":false,"excerpt":"Combatir piojos y liendres siempre ha sido una de las preocupaciones m\u00e1s recurrentes de quienes hemos padecido sus efectos, bien sea por las molestias y problemas de salud que pueden causar, como por las consecuencias que provocan determinados productos especializados en su erradicaci\u00f3n. Para evitar esta preocupaci\u00f3n por tu salud\u2026","rel":"","context":"En \u00abBeb\u00e9 y ni\u00f1o\u00bb","block_context":{"text":"Beb\u00e9 y ni\u00f1o","link":"https:\/\/mimaos.com\/blog\/category\/bebe-y-nino\/"},"img":{"alt_text":"","src":"https:\/\/i0.wp.com\/mimaos.com\/blog\/wp-content\/uploads\/2019\/06\/otc-antipiojos-spray-199x300.png?resize=350%2C200&ssl=1","width":350,"height":200},"classes":[]},{"id":2699,"url":"https:\/\/mimaos.com\/blog\/prepara-la-vuelta-al-cole-o-la-guarderia\/","url_meta":{"origin":2054,"position":1},"title":"Prepara la vuelta al cole o la guarder\u00eda","author":"Santiago","date":"1 septiembre, 2020","format":false,"excerpt":"Con la vuelta al cole podemos tener muchas dudas sobre qu\u00e9 meter en la mochila de los m\u00e1s peques de la casa. Tanto si es el primer d\u00eda de la guarder\u00eda como si tus hijos empiezan el colegio, no est\u00e1 de m\u00e1s que tengas listos los siguientes productos.\u00a0 Qu\u00e9 llevar\u2026","rel":"","context":"En \u00abBeb\u00e9 y ni\u00f1o\u00bb","block_context":{"text":"Beb\u00e9 y ni\u00f1o","link":"https:\/\/mimaos.com\/blog\/category\/bebe-y-nino\/"},"img":{"alt_text":"","src":"","width":0,"height":0},"classes":[]},{"id":1932,"url":"https:\/\/mimaos.com\/blog\/periodo-adaptacion\/","url_meta":{"origin":2054,"position":2},"title":"El periodo de adaptaci\u00f3n y algunos consejos para la salud de tus peque\u00f1os","author":"Lourdes Amat","date":"8 septiembre, 2014","format":false,"excerpt":"Se terminan las vacaciones, empieza un nuevo curso para algunos ser\u00e1 un momento de encuentro con antiguos compa\u00f1eros. \u00bfPero y los m\u00e1s peque\u00f1os, esos que todav\u00eda no han pisado nunca un aula? \u00bfC\u00f3mo viven esa incorporaci\u00f3n? \u00bfC\u00f3mo les afecta emocionalmente, socialmente y f\u00edsicamente? \u00bfC\u00f3mo la vivimos los adultos; padres y\u2026","rel":"","context":"En \u00abBeb\u00e9 y ni\u00f1o\u00bb","block_context":{"text":"Beb\u00e9 y ni\u00f1o","link":"https:\/\/mimaos.com\/blog\/category\/bebe-y-nino\/"},"img":{"alt_text":"periodo de adaptaci\u00f3n","src":"https:\/\/i0.wp.com\/mimaos.com\/blog\/wp-content\/uploads\/2014\/09\/periodo-de-adaptacion.jpg?resize=350%2C200&ssl=1","width":350,"height":200,"srcset":"https:\/\/i0.wp.com\/mimaos.com\/blog\/wp-content\/uploads\/2014\/09\/periodo-de-adaptacion.jpg?resize=350%2C200&ssl=1 1x, https:\/\/i0.wp.com\/mimaos.com\/blog\/wp-content\/uploads\/2014\/09\/periodo-de-adaptacion.jpg?resize=525%2C300&ssl=1 1.5x"},"classes":[]},{"id":3365,"url":"https:\/\/mimaos.com\/blog\/los-mejores-champus-anticaida-recomendados-por-dermatologos\/","url_meta":{"origin":2054,"position":3},"title":"Los mejores champ\u00fas antica\u00edda recomendados por dermat\u00f3logos","author":"Santiago","date":"2 febrero, 2024","format":false,"excerpt":"Si notas que la ca\u00edda del cabello ha aumentado recientemente, hay que tomar medidas para reducirla. La ca\u00edda del cabello se puede deber a diferentes motivos, descubre las causas y c\u00f3mo frenar la ca\u00edda capilar en este post. Por qu\u00e9 noto que se me cae m\u00e1s el pelo Hay que\u2026","rel":"","context":"En \u00abHigiene y salud\u00bb","block_context":{"text":"Higiene y salud","link":"https:\/\/mimaos.com\/blog\/category\/higiene-y-salud\/"},"img":{"alt_text":"","src":"https:\/\/i0.wp.com\/mimaos.com\/blog\/wp-content\/uploads\/2024\/02\/Imagenes-destacadas-blog-4.jpg?resize=350%2C200&ssl=1","width":350,"height":200,"srcset":"https:\/\/i0.wp.com\/mimaos.com\/blog\/wp-content\/uploads\/2024\/02\/Imagenes-destacadas-blog-4.jpg?resize=350%2C200&ssl=1 1x, https:\/\/i0.wp.com\/mimaos.com\/blog\/wp-content\/uploads\/2024\/02\/Imagenes-destacadas-blog-4.jpg?resize=525%2C300&ssl=1 1.5x, https:\/\/i0.wp.com\/mimaos.com\/blog\/wp-content\/uploads\/2024\/02\/Imagenes-destacadas-blog-4.jpg?resize=700%2C400&ssl=1 2x, https:\/\/i0.wp.com\/mimaos.com\/blog\/wp-content\/uploads\/2024\/02\/Imagenes-destacadas-blog-4.jpg?resize=1050%2C600&ssl=1 3x"},"classes":[]},{"id":2243,"url":"https:\/\/mimaos.com\/blog\/como-evitar-la-caida-de-cabello\/","url_meta":{"origin":2054,"position":4},"title":"Como evitar la ca\u00edda de cabello","author":"Roberto Gim\u00e9nez","date":"14 octubre, 2018","format":false,"excerpt":"La salud capilar siempre ha sido uno de los asuntos de salud m\u00e1s estudiados e importantes de las \u00faltimas d\u00e9cadas. No son pocos los que sufren problemas relacionados con la ca\u00edda de cabello o debilidad en el propio cuero cabelludo. Sufrimos por cambios bruscos de temperatura, situaciones de estr\u00e9s, menopausia\u2026","rel":"","context":"En \u00abDiet\u00e9tica y nutrici\u00f3n\u00bb","block_context":{"text":"Diet\u00e9tica y nutrici\u00f3n","link":"https:\/\/mimaos.com\/blog\/category\/dietetica-y-nutricion\/"},"img":{"alt_text":"Iraltone","src":"https:\/\/i0.wp.com\/mimaos.com\/blog\/wp-content\/uploads\/2018\/10\/iraltone-245x300.png?resize=350%2C200&ssl=1","width":350,"height":200},"classes":[]},{"id":3209,"url":"https:\/\/mimaos.com\/blog\/colageno-por-que-tomarlo-a-diario\/","url_meta":{"origin":2054,"position":5},"title":"Col\u00e1geno: por qu\u00e9 tomarlo a diario","author":"Santiago","date":"1 febrero, 2023","format":false,"excerpt":"Qu\u00e9 es, para qu\u00e9 sirve, por qu\u00e9 tomar col\u00e1geno. Estas preguntas y muchas otras os la resolvemos en este post. Vamos a hablar del col\u00e1geno hidrolizado en polvo marino, porcino y vegetal habitualmente consumido como complemento alimenticio diario. Beneficios de tomar col\u00e1geno todos los d\u00edas Los beneficios de tomar col\u00e1geno\u2026","rel":"","context":"En \u00abDiet\u00e9tica y nutrici\u00f3n\u00bb","block_context":{"text":"Diet\u00e9tica y nutrici\u00f3n","link":"https:\/\/mimaos.com\/blog\/category\/dietetica-y-nutricion\/"},"img":{"alt_text":"","src":"https:\/\/i0.wp.com\/mimaos.com\/blog\/wp-content\/uploads\/2023\/01\/176858-colnatur-complex-neutro-768x1024.jpg?resize=350%2C200&ssl=1","width":350,"height":200},"classes":[]}],"jetpack_sharing_enabled":true,"_links":{"self":[{"href":"https:\/\/mimaos.com\/blog\/wp-json\/wp\/v2\/posts\/2054","targetHints":{"allow":["GET"]}}],"collection":[{"href":"https:\/\/mimaos.com\/blog\/wp-json\/wp\/v2\/posts"}],"about":[{"href":"https:\/\/mimaos.com\/blog\/wp-json\/wp\/v2\/types\/post"}],"author":[{"embeddable":true,"href":"https:\/\/mimaos.com\/blog\/wp-json\/wp\/v2\/users\/7"}],"replies":[{"embeddable":true,"href":"https:\/\/mimaos.com\/blog\/wp-json\/wp\/v2\/comments?post=2054"}],"version-history":[{"count":9,"href":"https:\/\/mimaos.com\/blog\/wp-json\/wp\/v2\/posts\/2054\/revisions"}],"predecessor-version":[{"id":2639,"href":"https:\/\/mimaos.com\/blog\/wp-json\/wp\/v2\/posts\/2054\/revisions\/2639"}],"wp:featuredmedia":[{"embeddable":true,"href":"https:\/\/mimaos.com\/blog\/wp-json\/wp\/v2\/media\/2055"}],"wp:attachment":[{"href":"https:\/\/mimaos.com\/blog\/wp-json\/wp\/v2\/media?parent=2054"}],"wp:term":[{"taxonomy":"category","embeddable":true,"href":"https:\/\/mimaos.com\/blog\/wp-json\/wp\/v2\/categories?post=2054"},{"taxonomy":"post_tag","embeddable":true,"href":"https:\/\/mimaos.com\/blog\/wp-json\/wp\/v2\/tags?post=2054"}],"curies":[{"name":"wp","href":"https:\/\/api.w.org\/{rel}","templated":true}]}}