{"id":1971,"date":"2014-10-29T18:21:14","date_gmt":"2014-10-29T18:21:14","guid":{"rendered":"https:\/\/mimaos.com\/blog\/?p=1971"},"modified":"2022-11-21T14:36:34","modified_gmt":"2022-11-21T12:36:34","slug":"preparando-tu-maleta-para-el-dia-del-parto-que-llevar-al-hospital-el-dia-que-vas-dar-luz","status":"publish","type":"post","link":"https:\/\/mimaos.com\/blog\/preparando-tu-maleta-para-el-dia-del-parto-que-llevar-al-hospital-el-dia-que-vas-dar-luz\/","title":{"rendered":"Preparando tu maleta para el d\u00eda del parto. \u00bfQu\u00e9 llevar al hospital el d\u00eda que vas a dar a luz?"},"content":{"rendered":"<p>\u00bfEst\u00e1s embarazada? Te ayudamos a preparar tu maleta para el d\u00eda en el que vayas al hospital a dar a luz y tambi\u00e9n a tener en casa todo preparado para la llegada de tu beb\u00e9.<\/p>\n<p><!--more--><\/p>\n<p><img loading=\"lazy\" decoding=\"async\" class=\"alignnone size-full wp-image-1973\" src=\"https:\/\/mimaos.com\/blog\/wp-content\/uploads\/2014\/10\/maleta-para-el-parto.jpg\" alt=\"preparar la maleta para el d\u00eda del parto\" width=\"650\" height=\"450\" srcset=\"https:\/\/mimaos.com\/blog\/wp-content\/uploads\/2014\/10\/maleta-para-el-parto.jpg 650w, https:\/\/mimaos.com\/blog\/wp-content\/uploads\/2014\/10\/maleta-para-el-parto-300x207.jpg 300w\" sizes=\"auto, (max-width: 650px) 100vw, 650px\" \/><\/p>\n<p>Es aconsejable que a partir del 7\u00ba mes tengamos la maletita preparada y las cosas en casa listas para la llegada del beb\u00e9. de set manera estar\u00e1s m\u00e1s tranquila y no tendr\u00e1s que correr el d\u00eda en el que tu hijo decide llegar al mundo. Tampoco te faltar\u00e1 nada el d\u00eda en que llegues a casa.<\/p>\n<div id=\"ez-toc-container\" class=\"ez-toc-v2_0_76 ez-toc-wrap-center counter-hierarchy ez-toc-counter ez-toc-custom ez-toc-container-direction\">\n<div class=\"ez-toc-title-container\">\n<p class=\"ez-toc-title ez-toc-toggle\" style=\"cursor:pointer\">Navegaci\u00f3n r\u00e1pida<\/p>\n<span class=\"ez-toc-title-toggle\"><a href=\"#\" class=\"ez-toc-pull-right ez-toc-btn ez-toc-btn-xs ez-toc-btn-default ez-toc-toggle\" aria-label=\"Alternar tabla de contenidos\"><span class=\"ez-toc-js-icon-con\"><span class=\"\"><span class=\"eztoc-hide\" style=\"display:none;\">Toggle<\/span><span class=\"ez-toc-icon-toggle-span\"><svg style=\"fill: #00a3b3;color:#00a3b3\" xmlns=\"http:\/\/www.w3.org\/2000\/svg\" class=\"list-377408\" width=\"20px\" height=\"20px\" viewBox=\"0 0 24 24\" fill=\"none\"><path d=\"M6 6H4v2h2V6zm14 0H8v2h12V6zM4 11h2v2H4v-2zm16 0H8v2h12v-2zM4 16h2v2H4v-2zm16 0H8v2h12v-2z\" fill=\"currentColor\"><\/path><\/svg><svg style=\"fill: #00a3b3;color:#00a3b3\" class=\"arrow-unsorted-368013\" xmlns=\"http:\/\/www.w3.org\/2000\/svg\" width=\"10px\" height=\"10px\" viewBox=\"0 0 24 24\" version=\"1.2\" baseProfile=\"tiny\"><path d=\"M18.2 9.3l-6.2-6.3-6.2 6.3c-.2.2-.3.4-.3.7s.1.5.3.7c.2.2.4.3.7.3h11c.3 0 .5-.1.7-.3.2-.2.3-.5.3-.7s-.1-.5-.3-.7zM5.8 14.7l6.2 6.3 6.2-6.3c.2-.2.3-.5.3-.7s-.1-.5-.3-.7c-.2-.2-.4-.3-.7-.3h-11c-.3 0-.5.1-.7.3-.2.2-.3.5-.3.7s.1.5.3.7z\"\/><\/svg><\/span><\/span><\/span><\/a><\/span><\/div>\n<nav><ul class='ez-toc-list ez-toc-list-level-1 ' ><li class='ez-toc-page-1 ez-toc-heading-level-3'><a class=\"ez-toc-link ez-toc-heading-1\" href=\"https:\/\/mimaos.com\/blog\/preparando-tu-maleta-para-el-dia-del-parto-que-llevar-al-hospital-el-dia-que-vas-dar-luz\/#%C2%BFQue-llevar-al-hospital-el-dia-que-vas-a-dar-a-luz-Y-%E2%80%A6-%C2%BFQue-tener-en-casa-preparado-para-la-llegada-del-bebe\" >\u00bfQu\u00e9 llevar al hospital el d\u00eda que vas a dar a luz? Y \u2026 \u00bfQu\u00e9 tener en casa preparado para la llegada del beb\u00e9?<\/a><ul class='ez-toc-list-level-4' ><li class='ez-toc-heading-level-4'><a class=\"ez-toc-link ez-toc-heading-2\" href=\"https:\/\/mimaos.com\/blog\/preparando-tu-maleta-para-el-dia-del-parto-que-llevar-al-hospital-el-dia-que-vas-dar-luz\/#Cosas-para-tu-bebe\" >Cosas para tu beb\u00e9<\/a><\/li><li class='ez-toc-page-1 ez-toc-heading-level-4'><a class=\"ez-toc-link ez-toc-heading-3\" href=\"https:\/\/mimaos.com\/blog\/preparando-tu-maleta-para-el-dia-del-parto-que-llevar-al-hospital-el-dia-que-vas-dar-luz\/#Cosas-para-ti\" >Cosas para ti:<\/a><\/li><li class='ez-toc-page-1 ez-toc-heading-level-4'><a class=\"ez-toc-link ez-toc-heading-4\" href=\"https:\/\/mimaos.com\/blog\/preparando-tu-maleta-para-el-dia-del-parto-que-llevar-al-hospital-el-dia-que-vas-dar-luz\/#Cosas-para-tu-acompanante\" >Cosas para tu acompa\u00f1ante:<\/a><\/li><\/ul><\/li><\/ul><\/nav><\/div>\n<h3><span class=\"ez-toc-section\" id=\"%C2%BFQue-llevar-al-hospital-el-dia-que-vas-a-dar-a-luz-Y-%E2%80%A6-%C2%BFQue-tener-en-casa-preparado-para-la-llegada-del-bebe\"><\/span>\u00bfQu\u00e9 llevar al hospital el d\u00eda que vas a dar a luz? Y \u2026 \u00bfQu\u00e9 tener en casa preparado para la llegada del beb\u00e9?<span class=\"ez-toc-section-end\"><\/span><\/h3>\n<h4><span class=\"ez-toc-section\" id=\"Cosas-para-tu-bebe\"><\/span>Cosas para tu beb\u00e9<span class=\"ez-toc-section-end\"><\/span><\/h4>\n<p>En el hospital te facilitar\u00e1n todo lo que necesites durante tu estancia all\u00ed, como pa\u00f1ales, leche de f\u00f3rmula hasta que tengas la subida de leche -si vas a dar el pecho- etc., pero es conveniente que tengas en casa preparadas las <strong>cosas que necesitas a tu vuelta:<\/strong><\/p>\n<ul>\n<li><a title=\"leche para reci\u00e9n nacido\" href=\"https:\/\/mimaos.com\/catalogo\/bebe-y-nino\/alimentacion-infantil\/leches-de-inicio\/\">Leche de f\u00f3rmula para reci\u00e9n nacido<\/a>. Aunque tu intenci\u00f3n sea dar el pecho, no est\u00e1 de m\u00e1s que lo tengas preparado por si acaso. Puede que la subida de leche se produzca hasta 10 d\u00edas tras dar a luz, y en ese caso, tendr\u00e1s que ayudar la lactancia materna con leche de f\u00f3rmula.<\/li>\n<li><a title=\"biber\u00f3n de boca estrecha\" href=\"https:\/\/mimaos.com\/catalogo\/bebe-y-nino\/biberones\/boca-estrecha\/\">Un biber\u00f3n de boca estrecha para reci\u00e9n nacido<\/a>\u00a0y <a title=\"detergente para biberones\" href=\"https:\/\/mimaos.com\/catalogo\/bebe-y-nino\/biberones\/detergente-para-biberones\/\">detergente para biberones<\/a><\/li>\n<li>Pa\u00f1ales para reci\u00e9n nacido: Los de <a title=\"pa\u00f1ales chelino\" href=\"https:\/\/mimaos.com\/producto\/panal-chelino-t2-28-unidades\/\">Chelino <\/a>para reci\u00e9n nacido son perfectos\u00a0para esta temprana edad.<\/li>\n<li><a title=\"toallitas infantiles\" href=\"https:\/\/mimaos.com\/catalogo\/bebe-y-nino\/higiene-infantil\/toallitas-infantiles\/\">Toallitas infantiles<\/a> para limpiar el culito de tu beb\u00e9<\/li>\n<li>Un <a title=\"chupetes para beb\u00e9\" href=\"https:\/\/mimaos.com\/catalogo\/bebe-y-nino\/chupetes-y-accesorios\/\">chupete para neonato (+0)<\/a> , te ser\u00e1 muy \u00fatil para calmar y reconfortar a tu beb\u00e9. Ten en cuenta que los pediatras aconsejan no usarlo hasta que la lactancia materna est\u00e9 correctamente establecida -aproximadamente un mes- si es que vas a darle el pecho.<\/li>\n<li>Todo lo necesario para la hora ba\u00f1o: <a title=\"gel de ba\u00f1o para beb\u00e9\" href=\"https:\/\/mimaos.com\/catalogo\/bebe-y-nino\/higiene-infantil\/gel-infantil\/\">Gel de ba\u00f1o<\/a>, <a title=\"esponja para beb\u00e9s\" href=\"https:\/\/mimaos.com\/catalogo\/bebe-y-nino\/higiene-infantil\/esponjas-infantiles\/\">esponja<\/a>, <a title=\"peine para beb\u00e9\" href=\"https:\/\/mimaos.com\/catalogo\/bebe-y-nino\/higiene-infantil\/peines-infantiles\/\">peine<\/a>, <a title=\"colonia infantil\" href=\"https:\/\/mimaos.com\/catalogo\/bebe-y-nino\/higiene-infantil\/colonias-y-perfumes\/\">colonia<\/a>, etc.<\/li>\n<\/ul>\n<p><strong>Para el \u00a0hospital:<\/strong><\/p>\n<ul>\n<li>Recuerda llevar en el coche <strong>un asiento homologado para poder llevar a tu beb\u00e9 en el coche<\/strong> de vuelta a casa.<\/li>\n<li>Nada m\u00e1s nacer, la matrona te pedir\u00e1 la <strong>ropita para la primera puesta<\/strong>: Un body, gorrito y manoplas. Te aconsejamos que lleves 2 o 3 unidades de cada uno de estos elementos, porque los d\u00edas siguientes ba\u00f1ar\u00e1n a tu beb\u00e9 en el hospital y te gustar\u00e1 ponerle ropita limpia. \u00a0Lo aconsejable es que sean de algod\u00f3n, as\u00ed que \u00a0deja los vestiditos y bodys de canal\u00e9, lana y dem\u00e1s para cuando salgas del hospital. El objetivo ahora es que el beb\u00e9 y tu est\u00e9is c\u00f3modos.<\/li>\n<li>Una mantita o arrullo para arropar a tu beb\u00e9, cuando son tan peque\u00f1itos les encanta que los arropes!<\/li>\n<\/ul>\n<h4><span class=\"ez-toc-section\" id=\"Cosas-para-ti\"><\/span>Cosas para ti:<span class=\"ez-toc-section-end\"><\/span><\/h4>\n<p>Aunque en el hospital te ofrecen pijamas, lo mejor es llevar varios tuyos con los que te sentir\u00e1s seguramente m\u00e1s c\u00f3moda. Si vas a dar el pecho, tenlo en cuenta y elige los que te faciliten esta tarea. Tambi\u00e9n lleva una bata para cuando recibas visitas as\u00ed como pantuflas para cuando te levantes de la cama.<\/p>\n<ul>\n<li><a title=\"ropa interior de maternidad y compresas tocol\u00f3gicas\" href=\"https:\/\/mimaos.com\/catalogo\/embarazo-y-lactancia\/higiene-embarazo-y-lactancia\/bragas-y-compresas-de-algodon\/\">Ropa interior de maternidad y compresas tocol\u00f3gicas<\/a><\/li>\n<li><a title=\"discos de lactancia\" href=\"https:\/\/mimaos.com\/catalogo\/embarazo-y-lactancia\/higiene-embarazo-y-lactancia\/discos-de-lactancia\/\">Discos de lactancia<\/a> si decides dar el pecho<\/li>\n<li><a title=\"crema para los pezones\" href=\"https:\/\/mimaos.com\/producto\/medela-purelan-100-crema-para-el-cuidado-pezones-37-gr\/\">Crema para el cuidado del pez\u00f3n<\/a><\/li>\n<\/ul>\n<p>Una vez que est\u00e9s en casa es aconsejable que uses <a title=\"crema postparto\" href=\"https:\/\/mimaos.com\/catalogo\/embarazo-y-lactancia\/bienestar-embarazo-y-lactancia\/cremas-postparto\/\">crema postparto <\/a>para ayudarte a recuperar el tono tras el embarazo. Tambi\u00e9n puedes considerar <a title=\"sacaleches\" href=\"https:\/\/mimaos.com\/catalogo\/embarazo-y-lactancia\/accesorios-embarazo-y-lactancia\/extractor-de-leche\/\">comprar un sacaleches<\/a>\u00a0si tu elecci\u00f3n es dar el pecho para poder dar a tu beb\u00e9 tu leche cuando no est\u00e9s en casa.<\/p>\n<h4><span class=\"ez-toc-section\" id=\"Cosas-para-tu-acompanante\"><\/span>Cosas para tu acompa\u00f1ante:<span class=\"ez-toc-section-end\"><\/span><\/h4>\n<p>Que tu acompa\u00f1ante est\u00e9 c\u00f3modo tambi\u00e9n es muy importante, ya sea tu pareja, tu mam\u00e1 o cualquier persona de tu familia, agradecer\u00e1 tener todo lo que necesita a mano en esos d\u00edas.<\/p>\n<ul>\n<li>Varios cambios de ropa c\u00f3moda para estar en el hospital<\/li>\n<li>Un neceser con todo lo que necesite: cepillo de dientes, crema hidratante, etc.<\/li>\n<li>Botellas de agua y monedas para las maquinas expendedoras que pueda haber en el hospital.<\/li>\n<li>Cargador para el m\u00f3vil, porque seguramente ser\u00e1 la persona encargada de recibir las llamadas e informar al resto de la familia de c\u00f3mo ha ido todo.<\/li>\n<\/ul>\n<p>Mucho \u00e1nimo en estos d\u00edas tan bonitos, esperamos que disfrutes de los primeros d\u00edas con tu beb\u00e9.<\/p>\n","protected":false},"excerpt":{"rendered":"<p>\u00bfEst\u00e1s embarazada? Te ayudamos a preparar tu maleta para el d\u00eda en el que vayas al hospital a dar a luz y tambi\u00e9n a tener en casa todo preparado para la llegada de tu beb\u00e9.<\/p>\n","protected":false},"author":7,"featured_media":1973,"comment_status":"open","ping_status":"open","sticky":false,"template":"","format":"standard","meta":{"jetpack_post_was_ever_published":false,"_jetpack_newsletter_access":"","_jetpack_dont_email_post_to_subs":false,"_jetpack_newsletter_tier_id":0,"_jetpack_memberships_contains_paywalled_content":false,"_jetpack_memberships_contains_paid_content":false,"footnotes":"","jetpack_publicize_message":"","jetpack_publicize_feature_enabled":true,"jetpack_social_post_already_shared":false,"jetpack_social_options":{"image_generator_settings":{"template":"highway","default_image_id":0,"font":"","enabled":false},"version":2}},"categories":[190,201],"tags":[],"class_list":["post-1971","post","type-post","status-publish","format-standard","has-post-thumbnail","hentry","category-bebe-y-nino","category-embarazo-y-lactancia"],"jetpack_publicize_connections":[],"jetpack_featured_media_url":"https:\/\/mimaos.com\/blog\/wp-content\/uploads\/2014\/10\/maleta-para-el-parto.jpg","jetpack-related-posts":[{"id":3140,"url":"https:\/\/mimaos.com\/blog\/preparate-para-la-llegada-de-tu-bebe-productos-imprescindibles\/","url_meta":{"origin":1971,"position":0},"title":"Prep\u00e1rate para la llegada de tu beb\u00e9: productos imprescindibles","author":"Santiago","date":"4 noviembre, 2022","format":false,"excerpt":"La llegada de un nuevo miembro a la familia es una alegr\u00eda y una revoluci\u00f3n en el hogar. Tener todo listo para la llegada de un beb\u00e9 puede calmar los nervios de los futuros padres. Os dejamos un checklist de productos de cuidado e higiene imprescindibles para el primer a\u00f1o\u2026","rel":"","context":"En \u00abBeb\u00e9 y ni\u00f1o\u00bb","block_context":{"text":"Beb\u00e9 y ni\u00f1o","link":"https:\/\/mimaos.com\/blog\/category\/bebe-y-nino\/"},"img":{"alt_text":"","src":"https:\/\/i0.wp.com\/mimaos.com\/blog\/wp-content\/uploads\/2022\/10\/165773-1-768x1024.jpg?resize=350%2C200&ssl=1","width":350,"height":200},"classes":[]},{"id":3623,"url":"https:\/\/mimaos.com\/blog\/5-errores-al-preparar-un-biberon-y-como-evitarlos\/","url_meta":{"origin":1971,"position":1},"title":"5 Errores m\u00e1s comunes al preparar un biber\u00f3n y c\u00f3mo evitarlos","author":"Santiago","date":"3 junio, 2025","format":false,"excerpt":"\u00bfPreparas bien el biber\u00f3n de tu beb\u00e9? Evita estos errores comunes y aseg\u00farate una alimentaci\u00f3n segura Preparar un biber\u00f3n, especialmente para padres primerizos, puede generar muchas dudas e inseguridad por la falta de informaci\u00f3n. En este post te explicamos los 5 errores al preparar un biber\u00f3n c\u00f3mo evitarlos para que\u2026","rel":"","context":"En \u00abBeb\u00e9 y ni\u00f1o\u00bb","block_context":{"text":"Beb\u00e9 y ni\u00f1o","link":"https:\/\/mimaos.com\/blog\/category\/bebe-y-nino\/"},"img":{"alt_text":"errores al preparar un biber\u00f3n","src":"https:\/\/i0.wp.com\/mimaos.com\/blog\/wp-content\/uploads\/2025\/05\/Imagenes-destacadas-blog-preparar-biberon.jpg?resize=350%2C200&ssl=1","width":350,"height":200,"srcset":"https:\/\/i0.wp.com\/mimaos.com\/blog\/wp-content\/uploads\/2025\/05\/Imagenes-destacadas-blog-preparar-biberon.jpg?resize=350%2C200&ssl=1 1x, https:\/\/i0.wp.com\/mimaos.com\/blog\/wp-content\/uploads\/2025\/05\/Imagenes-destacadas-blog-preparar-biberon.jpg?resize=525%2C300&ssl=1 1.5x, https:\/\/i0.wp.com\/mimaos.com\/blog\/wp-content\/uploads\/2025\/05\/Imagenes-destacadas-blog-preparar-biberon.jpg?resize=700%2C400&ssl=1 2x, https:\/\/i0.wp.com\/mimaos.com\/blog\/wp-content\/uploads\/2025\/05\/Imagenes-destacadas-blog-preparar-biberon.jpg?resize=1050%2C600&ssl=1 3x"},"classes":[]},{"id":2461,"url":"https:\/\/mimaos.com\/blog\/leches-especiales-para-bebes\/","url_meta":{"origin":1971,"position":2},"title":"Leches especiales para beb\u00e9s","author":"Roberto Gim\u00e9nez","date":"21 agosto, 2019","format":false,"excerpt":"Los m\u00e1s peques de la casa requieren de una atenci\u00f3n adaptada a su edad, de unos cuidados que garanticen su desarrollo y crecimiento. En este caso, las leches especiales son un componente esencial durante sus primeros a\u00f1os de vida, ya que aportan los nutrientes y vitaminas necesarios para que crezcan\u2026","rel":"","context":"En \u00abBeb\u00e9 y ni\u00f1o\u00bb","block_context":{"text":"Beb\u00e9 y ni\u00f1o","link":"https:\/\/mimaos.com\/blog\/category\/bebe-y-nino\/"},"img":{"alt_text":"","src":"https:\/\/i0.wp.com\/mimaos.com\/blog\/wp-content\/uploads\/2019\/08\/165569-768x1024.jpg?resize=350%2C200&ssl=1","width":350,"height":200},"classes":[]},{"id":1713,"url":"https:\/\/mimaos.com\/blog\/cuidados-del-bebe\/","url_meta":{"origin":1971,"position":3},"title":"Primeros pasos para cuidar a tu beb\u00e9: alimentaci\u00f3n, higiene y descanso","author":"Lourdes Amat","date":"25 mayo, 2014","format":false,"excerpt":"Tener un beb\u00e9 es una de las experiencias \u00fanicas que nos ofrece la vida, pero a menudo los primeros meses provoca ansiedad, dudas e inseguridad en los padres, sobre todo primerizos que cuando llegan a casa con \u00e9l est\u00e1n totalmente perdidos. Debemos estar tranquilos y acudir al pediatra si tenemos\u2026","rel":"","context":"En \u00abBeb\u00e9 y ni\u00f1o\u00bb","block_context":{"text":"Beb\u00e9 y ni\u00f1o","link":"https:\/\/mimaos.com\/blog\/category\/bebe-y-nino\/"},"img":{"alt_text":"cuidados del beb\u00e9","src":"https:\/\/i0.wp.com\/mimaos.com\/blog\/wp-content\/uploads\/2014\/05\/cuidados-del-bebe.jpg?resize=350%2C200&ssl=1","width":350,"height":200,"srcset":"https:\/\/i0.wp.com\/mimaos.com\/blog\/wp-content\/uploads\/2014\/05\/cuidados-del-bebe.jpg?resize=350%2C200&ssl=1 1x, https:\/\/i0.wp.com\/mimaos.com\/blog\/wp-content\/uploads\/2014\/05\/cuidados-del-bebe.jpg?resize=525%2C300&ssl=1 1.5x"},"classes":[]},{"id":1886,"url":"https:\/\/mimaos.com\/blog\/lactancia-materna-o-biberon\/","url_meta":{"origin":1971,"position":4},"title":"Lactancia Materna o Biber\u00f3n","author":"Lourdes Amat","date":"22 agosto, 2014","format":false,"excerpt":"Elegir entre la lactancia materna y la lactancia en biber\u00f3n es una de las primeras decisiones que tienen que tomar los padres primerizos, adem\u00e1s es una de las elecciones que m\u00e1s os preocupan a vosotras. La Organizaci\u00f3n Mundial de la salud (OMS) coincide con distintas organizaciones en las ventajas de\u2026","rel":"","context":"En \u00abBeb\u00e9 y ni\u00f1o\u00bb","block_context":{"text":"Beb\u00e9 y ni\u00f1o","link":"https:\/\/mimaos.com\/blog\/category\/bebe-y-nino\/"},"img":{"alt_text":"","src":"https:\/\/i0.wp.com\/mimaos.com\/blog\/wp-content\/uploads\/2014\/08\/lactancia-materna.jpg?resize=350%2C200&ssl=1","width":350,"height":200,"srcset":"https:\/\/i0.wp.com\/mimaos.com\/blog\/wp-content\/uploads\/2014\/08\/lactancia-materna.jpg?resize=350%2C200&ssl=1 1x, https:\/\/i0.wp.com\/mimaos.com\/blog\/wp-content\/uploads\/2014\/08\/lactancia-materna.jpg?resize=525%2C300&ssl=1 1.5x"},"classes":[]},{"id":2699,"url":"https:\/\/mimaos.com\/blog\/prepara-la-vuelta-al-cole-o-la-guarderia\/","url_meta":{"origin":1971,"position":5},"title":"Prepara la vuelta al cole o la guarder\u00eda","author":"Santiago","date":"1 septiembre, 2020","format":false,"excerpt":"Con la vuelta al cole podemos tener muchas dudas sobre qu\u00e9 meter en la mochila de los m\u00e1s peques de la casa. Tanto si es el primer d\u00eda de la guarder\u00eda como si tus hijos empiezan el colegio, no est\u00e1 de m\u00e1s que tengas listos los siguientes productos.\u00a0 Qu\u00e9 llevar\u2026","rel":"","context":"En \u00abBeb\u00e9 y ni\u00f1o\u00bb","block_context":{"text":"Beb\u00e9 y ni\u00f1o","link":"https:\/\/mimaos.com\/blog\/category\/bebe-y-nino\/"},"img":{"alt_text":"","src":"","width":0,"height":0},"classes":[]}],"jetpack_sharing_enabled":true,"_links":{"self":[{"href":"https:\/\/mimaos.com\/blog\/wp-json\/wp\/v2\/posts\/1971","targetHints":{"allow":["GET"]}}],"collection":[{"href":"https:\/\/mimaos.com\/blog\/wp-json\/wp\/v2\/posts"}],"about":[{"href":"https:\/\/mimaos.com\/blog\/wp-json\/wp\/v2\/types\/post"}],"author":[{"embeddable":true,"href":"https:\/\/mimaos.com\/blog\/wp-json\/wp\/v2\/users\/7"}],"replies":[{"embeddable":true,"href":"https:\/\/mimaos.com\/blog\/wp-json\/wp\/v2\/comments?post=1971"}],"version-history":[{"count":16,"href":"https:\/\/mimaos.com\/blog\/wp-json\/wp\/v2\/posts\/1971\/revisions"}],"predecessor-version":[{"id":3189,"href":"https:\/\/mimaos.com\/blog\/wp-json\/wp\/v2\/posts\/1971\/revisions\/3189"}],"wp:featuredmedia":[{"embeddable":true,"href":"https:\/\/mimaos.com\/blog\/wp-json\/wp\/v2\/media\/1973"}],"wp:attachment":[{"href":"https:\/\/mimaos.com\/blog\/wp-json\/wp\/v2\/media?parent=1971"}],"wp:term":[{"taxonomy":"category","embeddable":true,"href":"https:\/\/mimaos.com\/blog\/wp-json\/wp\/v2\/categories?post=1971"},{"taxonomy":"post_tag","embeddable":true,"href":"https:\/\/mimaos.com\/blog\/wp-json\/wp\/v2\/tags?post=1971"}],"curies":[{"name":"wp","href":"https:\/\/api.w.org\/{rel}","templated":true}]}}