{"id":1959,"date":"2014-10-19T19:30:36","date_gmt":"2014-10-19T19:30:36","guid":{"rendered":"https:\/\/mimaos.com\/blog\/?p=1959"},"modified":"2014-12-31T12:02:15","modified_gmt":"2014-12-31T12:02:15","slug":"anunciamos-el-ganador-del-lote-de-productos-mimaos","status":"publish","type":"post","link":"https:\/\/mimaos.com\/blog\/anunciamos-el-ganador-del-lote-de-productos-mimaos\/","title":{"rendered":"Anunciamos el ganador del lote de productos Mimaos"},"content":{"rendered":"<p>\u00bfParticipaste en nuestro sorteo de Facebook? Si es as\u00ed seguro que estar\u00e1s deseando saber si eres el afortunado que se llevar\u00e1 un lote de productos Mimaos.<br \/>\n<!--more--><br \/>\n<img loading=\"lazy\" decoding=\"async\" class=\"alignnone size-full wp-image-1960\" src=\"https:\/\/mimaos.com\/blog\/wp-content\/uploads\/2014\/10\/GRACIAS-POR-PARTICIPAR-LOTE-MIMAOS.jpg\" alt=\"ganador lote de productos mimaos\" width=\"650\" height=\"450\" srcset=\"https:\/\/mimaos.com\/blog\/wp-content\/uploads\/2014\/10\/GRACIAS-POR-PARTICIPAR-LOTE-MIMAOS.jpg 650w, https:\/\/mimaos.com\/blog\/wp-content\/uploads\/2014\/10\/GRACIAS-POR-PARTICIPAR-LOTE-MIMAOS-300x207.jpg 300w\" sizes=\"auto, (max-width: 650px) 100vw, 650px\" \/><\/p>\n<h4>Si te llamas Mamen Piris y eres de Alicante \u00a1Felicidades!<\/h4>\n<p>En esta ocasi\u00f3n tu eres la ganadora. Nos pondremaos en contacto contigo para hacerte llegar tu premio lo antes posible.<\/p>\n<p>Recuerda que todos los que hab\u00e9is participado ten\u00e9is <strong>5\u20ac de descuento directo<\/strong> en vuestras compras en nuestra tienda online solo hasta el 31 de Octubre.<\/p>\n<h5>Canjea tu cup\u00f3n ahora escribiendo FB5DTOSEPT cuando realices tu compra<\/h5>\n<p><a title=\"parafarmacia mimaos\" href=\"https:\/\/mimaos.com\/\"><img loading=\"lazy\" decoding=\"async\" class=\"alignnone size-full wp-image-1962\" src=\"https:\/\/mimaos.com\/blog\/wp-content\/uploads\/2014\/10\/canjea-tu-cupon.png\" alt=\"canjea-tu-cupon\" width=\"650\" height=\"81\" srcset=\"https:\/\/mimaos.com\/blog\/wp-content\/uploads\/2014\/10\/canjea-tu-cupon.png 650w, https:\/\/mimaos.com\/blog\/wp-content\/uploads\/2014\/10\/canjea-tu-cupon-300x37.png 300w\" sizes=\"auto, (max-width: 650px) 100vw, 650px\" \/><\/a><\/p>\n<p>Muy pronto tendemos nuevos sorteos en los que podr\u00e1s seguir participando.<br \/>\nTodo el equipo Mimaos te damos las gracias.<\/p>\n<p><img loading=\"lazy\" decoding=\"async\" class=\"alignnone size-large wp-image-1965\" src=\"https:\/\/mimaos.com\/blog\/wp-content\/uploads\/2014\/10\/team-header-1024x469.jpg\" alt=\"equipo mimaos\" width=\"640\" height=\"293\" srcset=\"https:\/\/mimaos.com\/blog\/wp-content\/uploads\/2014\/10\/team-header-1024x469.jpg 1024w, https:\/\/mimaos.com\/blog\/wp-content\/uploads\/2014\/10\/team-header-300x137.jpg 300w, https:\/\/mimaos.com\/blog\/wp-content\/uploads\/2014\/10\/team-header.jpg 1200w\" sizes=\"auto, (max-width: 640px) 100vw, 640px\" \/><\/p>\n","protected":false},"excerpt":{"rendered":"<p>\u00bfParticipaste en nuestro sorteo de Facebook? Si es as\u00ed seguro que estar\u00e1s deseando saber si eres el afortunado que se llevar\u00e1 un lote de productos Mimaos.<\/p>\n","protected":false},"author":7,"featured_media":1960,"comment_status":"open","ping_status":"open","sticky":false,"template":"","format":"standard","meta":{"jetpack_post_was_ever_published":false,"_jetpack_newsletter_access":"","_jetpack_dont_email_post_to_subs":false,"_jetpack_newsletter_tier_id":0,"_jetpack_memberships_contains_paywalled_content":false,"_jetpack_memberships_contains_paid_content":false,"footnotes":"","jetpack_publicize_message":"","jetpack_publicize_feature_enabled":true,"jetpack_social_post_already_shared":false,"jetpack_social_options":{"image_generator_settings":{"template":"highway","default_image_id":0,"font":"","enabled":false},"version":2}},"categories":[206],"tags":[],"class_list":["post-1959","post","type-post","status-publish","format-standard","has-post-thumbnail","hentry","category-sorteos-y-concursos"],"jetpack_publicize_connections":[],"jetpack_featured_media_url":"https:\/\/mimaos.com\/blog\/wp-content\/uploads\/2014\/10\/GRACIAS-POR-PARTICIPAR-LOTE-MIMAOS.jpg","jetpack-related-posts":[{"id":2064,"url":"https:\/\/mimaos.com\/blog\/y-la-ganadora-de-la-sillita-de-bebe-es\/","url_meta":{"origin":1959,"position":0},"title":"Y la ganadora de la sillita de beb\u00e9 es&#8230;","author":"Lourdes Amat","date":"5 enero, 2016","format":false,"excerpt":"Si te llamas Mar\u00eda Gallego est\u00e1s de suerte, porque eres la ganadora de la sillita que sorteamos en Parafarmacia Mimaos. Esperamos\u00a0que la disfrutes con tu hijo, hija, sobrino, sobrina o peque\u00f1\u00edn presente o futuro. \u00a1Muchas gracias a todos los que hab\u00e9is participado en este sorteo! Ya estamos preparando otro que\u2026","rel":"","context":"En \u00abSorteos y concursos\u00bb","block_context":{"text":"Sorteos y concursos","link":"https:\/\/mimaos.com\/blog\/category\/sorteos-y-concursos\/"},"img":{"alt_text":"","src":"https:\/\/i0.wp.com\/mimaos.com\/blog\/wp-content\/uploads\/2016\/01\/silla.jpg?resize=350%2C200&ssl=1","width":350,"height":200,"srcset":"https:\/\/i0.wp.com\/mimaos.com\/blog\/wp-content\/uploads\/2016\/01\/silla.jpg?resize=350%2C200&ssl=1 1x, https:\/\/i0.wp.com\/mimaos.com\/blog\/wp-content\/uploads\/2016\/01\/silla.jpg?resize=525%2C300&ssl=1 1.5x, https:\/\/i0.wp.com\/mimaos.com\/blog\/wp-content\/uploads\/2016\/01\/silla.jpg?resize=700%2C400&ssl=1 2x"},"classes":[]},{"id":3491,"url":"https:\/\/mimaos.com\/blog\/complementos-alimenticios-para-el-sistema-inmunologico-refuerza-tus-defensas-naturalmente\/","url_meta":{"origin":1959,"position":1},"title":"Complementos Alimenticios para el Sistema Inmunol\u00f3gico: Refuerza tus Defensas Naturalmente","author":"Santiago","date":"5 febrero, 2025","format":false,"excerpt":"En un mundo cada vez m\u00e1s exigente, cuidar de nuestra salud es m\u00e1s importante que nunca. Nuestro sistema inmunol\u00f3gico es nuestra primera l\u00ednea de defensa contra enfermedades y virus. \u00bfSab\u00edas que los complementos alimenticios pueden ayudarte a fortalecer tus defensas de forma natural? \u00bfPor qu\u00e9 son importantes los complementos alimenticios\u2026","rel":"","context":"En \u00abDiet\u00e9tica y nutrici\u00f3n\u00bb","block_context":{"text":"Diet\u00e9tica y nutrici\u00f3n","link":"https:\/\/mimaos.com\/blog\/category\/dietetica-y-nutricion\/"},"img":{"alt_text":"","src":"https:\/\/i0.wp.com\/mimaos.com\/blog\/wp-content\/uploads\/2025\/01\/Imagenes-destacadas-blog-vitaminas.jpg?resize=350%2C200&ssl=1","width":350,"height":200,"srcset":"https:\/\/i0.wp.com\/mimaos.com\/blog\/wp-content\/uploads\/2025\/01\/Imagenes-destacadas-blog-vitaminas.jpg?resize=350%2C200&ssl=1 1x, https:\/\/i0.wp.com\/mimaos.com\/blog\/wp-content\/uploads\/2025\/01\/Imagenes-destacadas-blog-vitaminas.jpg?resize=525%2C300&ssl=1 1.5x, https:\/\/i0.wp.com\/mimaos.com\/blog\/wp-content\/uploads\/2025\/01\/Imagenes-destacadas-blog-vitaminas.jpg?resize=700%2C400&ssl=1 2x, https:\/\/i0.wp.com\/mimaos.com\/blog\/wp-content\/uploads\/2025\/01\/Imagenes-destacadas-blog-vitaminas.jpg?resize=1050%2C600&ssl=1 3x"},"classes":[]},{"id":1713,"url":"https:\/\/mimaos.com\/blog\/cuidados-del-bebe\/","url_meta":{"origin":1959,"position":2},"title":"Primeros pasos para cuidar a tu beb\u00e9: alimentaci\u00f3n, higiene y descanso","author":"Lourdes Amat","date":"25 mayo, 2014","format":false,"excerpt":"Tener un beb\u00e9 es una de las experiencias \u00fanicas que nos ofrece la vida, pero a menudo los primeros meses provoca ansiedad, dudas e inseguridad en los padres, sobre todo primerizos que cuando llegan a casa con \u00e9l est\u00e1n totalmente perdidos. Debemos estar tranquilos y acudir al pediatra si tenemos\u2026","rel":"","context":"En \u00abBeb\u00e9 y ni\u00f1o\u00bb","block_context":{"text":"Beb\u00e9 y ni\u00f1o","link":"https:\/\/mimaos.com\/blog\/category\/bebe-y-nino\/"},"img":{"alt_text":"cuidados del beb\u00e9","src":"https:\/\/i0.wp.com\/mimaos.com\/blog\/wp-content\/uploads\/2014\/05\/cuidados-del-bebe.jpg?resize=350%2C200&ssl=1","width":350,"height":200,"srcset":"https:\/\/i0.wp.com\/mimaos.com\/blog\/wp-content\/uploads\/2014\/05\/cuidados-del-bebe.jpg?resize=350%2C200&ssl=1 1x, https:\/\/i0.wp.com\/mimaos.com\/blog\/wp-content\/uploads\/2014\/05\/cuidados-del-bebe.jpg?resize=525%2C300&ssl=1 1.5x"},"classes":[]},{"id":3678,"url":"https:\/\/mimaos.com\/blog\/hidratar-piel-seca-en-invierno\/","url_meta":{"origin":1959,"position":3},"title":"Piel seca en invierno: gu\u00eda para hidratar y proteger tu piel","author":"Santiago","date":"3 diciembre, 2025","format":false,"excerpt":"Los cambios de temperatura, la calefacci\u00f3n, la baja humedad del ambiente, el viento, junto con otros factores ambientales puede causar piel seca en invierno y que tu barrera cut\u00e1nea se debilite, notando una sensaci\u00f3n de tirantez constante. Para evitar que tu piel llegue a ese estado de deshidrataci\u00f3n te explicamos\u2026","rel":"","context":"En \u00abCosm\u00e9tica y belleza\u00bb","block_context":{"text":"Cosm\u00e9tica y belleza","link":"https:\/\/mimaos.com\/blog\/category\/cosmetica-y-belleza\/"},"img":{"alt_text":"","src":"https:\/\/i0.wp.com\/mimaos.com\/blog\/wp-content\/uploads\/2025\/08\/151796-768x1024.jpg?resize=350%2C200&ssl=1","width":350,"height":200},"classes":[]},{"id":3634,"url":"https:\/\/mimaos.com\/blog\/rutina-facial-minimalista\/","url_meta":{"origin":1959,"position":4},"title":"Rutina de cuidado facial minimalista: pasos clave para cuidar la piel sin complicaciones","author":"Santiago","date":"5 agosto, 2025","format":false,"excerpt":"En un mundo saturado de cosm\u00e9ticos y rutinas con pasos infinitos, a veces menos es m\u00e1s para tu piel. Cada vez m\u00e1s personas buscan una rutina facial minimalista que ofrezca la m\u00e1xima eficacia con el m\u00ednimo de pasos. En este post te explicamos c\u00f3mo simplificar tu rutina facial y qu\u00e9\u2026","rel":"","context":"En \u00abSin categor\u00eda\u00bb","block_context":{"text":"Sin categor\u00eda","link":"https:\/\/mimaos.com\/blog\/category\/sin-categoria\/"},"img":{"alt_text":"","src":"https:\/\/i0.wp.com\/mimaos.com\/blog\/wp-content\/uploads\/2025\/06\/Imagenes-destacadas-blog-rutina-facial-minimalista.jpg?resize=350%2C200&ssl=1","width":350,"height":200,"srcset":"https:\/\/i0.wp.com\/mimaos.com\/blog\/wp-content\/uploads\/2025\/06\/Imagenes-destacadas-blog-rutina-facial-minimalista.jpg?resize=350%2C200&ssl=1 1x, https:\/\/i0.wp.com\/mimaos.com\/blog\/wp-content\/uploads\/2025\/06\/Imagenes-destacadas-blog-rutina-facial-minimalista.jpg?resize=525%2C300&ssl=1 1.5x, https:\/\/i0.wp.com\/mimaos.com\/blog\/wp-content\/uploads\/2025\/06\/Imagenes-destacadas-blog-rutina-facial-minimalista.jpg?resize=700%2C400&ssl=1 2x, https:\/\/i0.wp.com\/mimaos.com\/blog\/wp-content\/uploads\/2025\/06\/Imagenes-destacadas-blog-rutina-facial-minimalista.jpg?resize=1050%2C600&ssl=1 3x"},"classes":[]},{"id":3667,"url":"https:\/\/mimaos.com\/blog\/vitaminas-reforzar-defensas-ninos\/","url_meta":{"origin":1959,"position":5},"title":"Reforzar defensas en ni\u00f1os: c\u00f3mo fortalecerlas en oto\u00f1o e invierno","author":"Santiago","date":"7 noviembre, 2025","format":false,"excerpt":"Con la vuelta a las clases, la rutina y el contacto con m\u00e1s ni\u00f1os, es inevitable que los peques de casa cojan m\u00e1s virus y bacterias. Los resfriados y gripes se vuelven m\u00e1s frecuentes y te preguntas qu\u00e9 puedes hacer para reforzar defensas en ni\u00f1os en estas situaciones. Adem\u00e1s de\u2026","rel":"","context":"En \u00abBeb\u00e9 y ni\u00f1o\u00bb","block_context":{"text":"Beb\u00e9 y ni\u00f1o","link":"https:\/\/mimaos.com\/blog\/category\/bebe-y-nino\/"},"img":{"alt_text":"reforzar defensas ni\u00f1os","src":"https:\/\/i0.wp.com\/mimaos.com\/blog\/wp-content\/uploads\/2025\/08\/blog-reforzar-defensas-en-ninos.jpg?resize=350%2C200&ssl=1","width":350,"height":200,"srcset":"https:\/\/i0.wp.com\/mimaos.com\/blog\/wp-content\/uploads\/2025\/08\/blog-reforzar-defensas-en-ninos.jpg?resize=350%2C200&ssl=1 1x, https:\/\/i0.wp.com\/mimaos.com\/blog\/wp-content\/uploads\/2025\/08\/blog-reforzar-defensas-en-ninos.jpg?resize=525%2C300&ssl=1 1.5x, https:\/\/i0.wp.com\/mimaos.com\/blog\/wp-content\/uploads\/2025\/08\/blog-reforzar-defensas-en-ninos.jpg?resize=700%2C400&ssl=1 2x, https:\/\/i0.wp.com\/mimaos.com\/blog\/wp-content\/uploads\/2025\/08\/blog-reforzar-defensas-en-ninos.jpg?resize=1050%2C600&ssl=1 3x"},"classes":[]}],"jetpack_sharing_enabled":true,"_links":{"self":[{"href":"https:\/\/mimaos.com\/blog\/wp-json\/wp\/v2\/posts\/1959","targetHints":{"allow":["GET"]}}],"collection":[{"href":"https:\/\/mimaos.com\/blog\/wp-json\/wp\/v2\/posts"}],"about":[{"href":"https:\/\/mimaos.com\/blog\/wp-json\/wp\/v2\/types\/post"}],"author":[{"embeddable":true,"href":"https:\/\/mimaos.com\/blog\/wp-json\/wp\/v2\/users\/7"}],"replies":[{"embeddable":true,"href":"https:\/\/mimaos.com\/blog\/wp-json\/wp\/v2\/comments?post=1959"}],"version-history":[{"count":8,"href":"https:\/\/mimaos.com\/blog\/wp-json\/wp\/v2\/posts\/1959\/revisions"}],"predecessor-version":[{"id":2009,"href":"https:\/\/mimaos.com\/blog\/wp-json\/wp\/v2\/posts\/1959\/revisions\/2009"}],"wp:featuredmedia":[{"embeddable":true,"href":"https:\/\/mimaos.com\/blog\/wp-json\/wp\/v2\/media\/1960"}],"wp:attachment":[{"href":"https:\/\/mimaos.com\/blog\/wp-json\/wp\/v2\/media?parent=1959"}],"wp:term":[{"taxonomy":"category","embeddable":true,"href":"https:\/\/mimaos.com\/blog\/wp-json\/wp\/v2\/categories?post=1959"},{"taxonomy":"post_tag","embeddable":true,"href":"https:\/\/mimaos.com\/blog\/wp-json\/wp\/v2\/tags?post=1959"}],"curies":[{"name":"wp","href":"https:\/\/api.w.org\/{rel}","templated":true}]}}