{"id":1932,"date":"2014-09-08T12:00:42","date_gmt":"2014-09-08T12:00:42","guid":{"rendered":"https:\/\/mimaos.com\/blog\/?p=1932"},"modified":"2020-12-17T19:01:11","modified_gmt":"2020-12-17T17:01:11","slug":"periodo-adaptacion","status":"publish","type":"post","link":"https:\/\/mimaos.com\/blog\/periodo-adaptacion\/","title":{"rendered":"El periodo de adaptaci\u00f3n y algunos consejos para la salud de tus peque\u00f1os"},"content":{"rendered":"<p>Se terminan las vacaciones, empieza un nuevo curso para algunos ser\u00e1 un momento de encuentro con antiguos compa\u00f1eros.<br \/>\n<!--more--><\/p>\n<p><img loading=\"lazy\" decoding=\"async\" class=\"alignnone size-full wp-image-1933\" src=\"https:\/\/mimaos.com\/blog\/wp-content\/uploads\/2014\/09\/periodo-de-adaptacion.jpg\" alt=\"periodo de adaptaci\u00f3n\" width=\"650\" height=\"450\" srcset=\"https:\/\/mimaos.com\/blog\/wp-content\/uploads\/2014\/09\/periodo-de-adaptacion.jpg 650w, https:\/\/mimaos.com\/blog\/wp-content\/uploads\/2014\/09\/periodo-de-adaptacion-300x207.jpg 300w\" sizes=\"auto, (max-width: 650px) 100vw, 650px\" \/><\/p>\n<div id=\"ez-toc-container\" class=\"ez-toc-v2_0_76 ez-toc-wrap-center counter-hierarchy ez-toc-counter ez-toc-custom ez-toc-container-direction\">\n<div class=\"ez-toc-title-container\">\n<p class=\"ez-toc-title ez-toc-toggle\" style=\"cursor:pointer\">Navegaci\u00f3n r\u00e1pida<\/p>\n<span class=\"ez-toc-title-toggle\"><a href=\"#\" class=\"ez-toc-pull-right ez-toc-btn ez-toc-btn-xs ez-toc-btn-default ez-toc-toggle\" aria-label=\"Alternar tabla de contenidos\"><span class=\"ez-toc-js-icon-con\"><span class=\"\"><span class=\"eztoc-hide\" style=\"display:none;\">Toggle<\/span><span class=\"ez-toc-icon-toggle-span\"><svg style=\"fill: #00a3b3;color:#00a3b3\" xmlns=\"http:\/\/www.w3.org\/2000\/svg\" class=\"list-377408\" width=\"20px\" height=\"20px\" viewBox=\"0 0 24 24\" fill=\"none\"><path d=\"M6 6H4v2h2V6zm14 0H8v2h12V6zM4 11h2v2H4v-2zm16 0H8v2h12v-2zM4 16h2v2H4v-2zm16 0H8v2h12v-2z\" fill=\"currentColor\"><\/path><\/svg><svg style=\"fill: #00a3b3;color:#00a3b3\" class=\"arrow-unsorted-368013\" xmlns=\"http:\/\/www.w3.org\/2000\/svg\" width=\"10px\" height=\"10px\" viewBox=\"0 0 24 24\" version=\"1.2\" baseProfile=\"tiny\"><path d=\"M18.2 9.3l-6.2-6.3-6.2 6.3c-.2.2-.3.4-.3.7s.1.5.3.7c.2.2.4.3.7.3h11c.3 0 .5-.1.7-.3.2-.2.3-.5.3-.7s-.1-.5-.3-.7zM5.8 14.7l6.2 6.3 6.2-6.3c.2-.2.3-.5.3-.7s-.1-.5-.3-.7c-.2-.2-.4-.3-.7-.3h-11c-.3 0-.5.1-.7.3-.2.2-.3.5-.3.7s.1.5.3.7z\"\/><\/svg><\/span><\/span><\/span><\/a><\/span><\/div>\n<nav><ul class='ez-toc-list ez-toc-list-level-1 ' ><li class='ez-toc-page-1 ez-toc-heading-level-3'><a class=\"ez-toc-link ez-toc-heading-1\" href=\"https:\/\/mimaos.com\/blog\/periodo-adaptacion\/#%C2%BFPero-y-los-mas-pequenos-esos-que-todavia-no-han-pisado-nunca-un-aula-%C2%BFComo-viven-esa-incorporacion-%C2%BFComo-les-afecta-emocionalmente-socialmente-y-fisicamente-%C2%BFComo-la-vivimos-los-adultos-padres-y-educadores\" >\u00bfPero y los m\u00e1s peque\u00f1os, esos que todav\u00eda no han pisado nunca un aula? \u00bfC\u00f3mo viven esa incorporaci\u00f3n? \u00bfC\u00f3mo les afecta emocionalmente, socialmente y f\u00edsicamente? \u00bfC\u00f3mo la vivimos los adultos; padres y educadores?<\/a><ul class='ez-toc-list-level-4' ><li class='ez-toc-heading-level-4'><a class=\"ez-toc-link ez-toc-heading-2\" href=\"https:\/\/mimaos.com\/blog\/periodo-adaptacion\/#Con-todo-este-panorama-empezamos-los-primeros-dias-de-clase\" >Con todo este panorama empezamos los primeros d\u00edas de clase<\/a><\/li><li class='ez-toc-page-1 ez-toc-heading-level-4'><a class=\"ez-toc-link ez-toc-heading-3\" href=\"https:\/\/mimaos.com\/blog\/periodo-adaptacion\/#%C2%BFPor-que-es-bueno-que-los-ninosas-se-incorporen-poco-a-poco-a-la-escuela\" >\u00bfPor qu\u00e9 es bueno que los ni\u00f1os\/as se incorporen poco a poco a la escuela?<\/a><\/li><li class='ez-toc-page-1 ez-toc-heading-level-4'><a class=\"ez-toc-link ez-toc-heading-4\" href=\"https:\/\/mimaos.com\/blog\/periodo-adaptacion\/#%C2%BFComo-podemos-preparar-a-nuestros-pequenos-para-este-momento-de-encuentro-con-otros-ninos\" >\u00bfC\u00f3mo podemos preparar a nuestros peque\u00f1os para este momento de encuentro con otros ni\u00f1os?<\/a><\/li><\/ul><\/li><li class='ez-toc-page-1 ez-toc-heading-level-3'><a class=\"ez-toc-link ez-toc-heading-5\" href=\"https:\/\/mimaos.com\/blog\/periodo-adaptacion\/#%C2%A1Mucho-animo-a-las-mamas-y-a-los-pequenos-en-este-proceso\" >\u00a1Mucho \u00e1nimo a las mam\u00e1s y a los peque\u00f1os en este proceso!<\/a><\/li><\/ul><\/nav><\/div>\n<h3><span class=\"ez-toc-section\" id=\"%C2%BFPero-y-los-mas-pequenos-esos-que-todavia-no-han-pisado-nunca-un-aula-%C2%BFComo-viven-esa-incorporacion-%C2%BFComo-les-afecta-emocionalmente-socialmente-y-fisicamente-%C2%BFComo-la-vivimos-los-adultos-padres-y-educadores\"><\/span>\u00bfPero y los m\u00e1s peque\u00f1os, esos que todav\u00eda no han pisado nunca un aula? \u00bfC\u00f3mo viven esa incorporaci\u00f3n? \u00bfC\u00f3mo les afecta emocionalmente, socialmente y f\u00edsicamente? \u00bfC\u00f3mo la vivimos los adultos; padres y educadores?<span class=\"ez-toc-section-end\"><\/span><\/h3>\n<p>Como pod\u00e9is ver es un momento cr\u00edtico para todos los involucrados en el proceso, y que cada uno vive arreglo a su experiencia (los adultos) y su estado emocional (los peque\u00f1os). Pero es tarea de los padres y educadores el facilitarles este nuevo logro. Que va a ser su incorporaci\u00f3n a un \u00e1mbito social diferente al familiar.<br \/>\nVa a pasar de moverse en un espacio seguro, conocido y protegido, a encontrarse con nuevos espacios, con diferentes rutinas, y con unos horarios y ritmos distintos.<br \/>\nTodos estos cambios hay que asimilarlos adapt\u00e1ndose progresivamente al nuevo espacio a la nueva persona adulta de referencia (la educadora) y a los ni\u00f1os y ni\u00f1as, que no conoce, y que en un principio, tienen los mismos sentimientos de abandono que tienen ellos.<\/p>\n<h4><span class=\"ez-toc-section\" id=\"Con-todo-este-panorama-empezamos-los-primeros-dias-de-clase\"><\/span>Con todo este panorama empezamos los primeros d\u00edas de clase<span class=\"ez-toc-section-end\"><\/span><\/h4>\n<p>En cada escuela se trabaja este periodo de una forma. Lo ideal, es que se cuente con las familias desde un principio, que los padres conozcan el centro, el m\u00e9todo educativo, las normas, las rutinas\u2026etc. cuanto m\u00e1s informaci\u00f3n tengan m\u00e1s seguros se encontrar\u00e1n, y esta seguridad se la transmitir\u00e1n al ni\u00f1o\/a, esto es muy importante ya que el peque\u00f1o ve a sus padres (que son lo m\u00e1s importante para ellos) seguros. As\u00ed les transmitir\u00e1n que es una separaci\u00f3n necesaria y buena para su desarrollo.<br \/>\nNormalmente la incorporaci\u00f3n a la escuela se hace de forma escalonada y teniendo en cuenta las caracter\u00edsticas del ni\u00f1o\/a y de la familia. Por eso las entrevistas in\u00edciales de la familia, con la educadora es tan importante. A trav\u00e9s de ellas empezamos a conocernos, sabremos como son los ni\u00f1os\/as, cu\u00e1les son sus caracter\u00edsticas personales. No todos somos iguales. Y una buena educaci\u00f3n se basa en la diversidad de sus alumnos.<\/p>\n<h4><span class=\"ez-toc-section\" id=\"%C2%BFPor-que-es-bueno-que-los-ninosas-se-incorporen-poco-a-poco-a-la-escuela\"><\/span>\u00bfPor qu\u00e9 es bueno que los ni\u00f1os\/as se incorporen poco a poco a la escuela?<span class=\"ez-toc-section-end\"><\/span><\/h4>\n<p>Como ya hemos dicho anteriormente es un momento muy cr\u00edtico para los ni\u00f1os\/as, por eso hay que hacerlo de la forma menos traum\u00e1tica posible. La relaci\u00f3n que tienen estos peque\u00f1os con su familia y sobre todo con su madre (el sentimiento de apego) es tan grande, que esta separaci\u00f3n se debe de hacer poco a poco. Por eso los primeros d\u00edas van una hora, el siguiente un poco m\u00e1s y as\u00ed hasta completar la jornada completa.<br \/>\nNosotros sabemos que ellos pueden conseguirlo, dig\u00e1moselo, en esos momentos de tantos lloros, de retrocesos a posturas anteriores (se hacen pipi, s\u00f3lo quieren ir con la mama, reclaman m\u00e1s el chupete o su osito preferido\u2026etc.) necesitan nuestra m\u00e1xima atenci\u00f3n, nuestro cari\u00f1o y nuestra comprensi\u00f3n.<br \/>\nEste es un periodo decisivo para nuestros hijos a trav\u00e9s de \u00e9l, como lo vivan, como lo interioricen, depender\u00e1 en gran medida, el proceso de socializaci\u00f3n, la actitud del ni\u00f1o\/a hacia la escuela y, en general, hacia el aprendizaje.<\/p>\n<h4><span class=\"ez-toc-section\" id=\"%C2%BFComo-podemos-preparar-a-nuestros-pequenos-para-este-momento-de-encuentro-con-otros-ninos\"><\/span>\u00bfC\u00f3mo podemos preparar a nuestros peque\u00f1os para este momento de encuentro con otros ni\u00f1os?<span class=\"ez-toc-section-end\"><\/span><\/h4>\n<p>Es muy importante proteger la salud de nuestros hijos ahora que estar\u00e1n en contacto constante con otros ni\u00f1os.<\/p>\n<ul>\n<li><strong>Los piojos :<\/strong> El contagio de los piojos ahora que la reincorporaci\u00f3n al cole es tan temprana y hace todav\u00eda calor es muy posible. Puedes prevenirlo utilizando\u00a0<a title=\"productos para piojos\" href=\"https:\/\/mimaos.com\/catalogo\/bebe-y-nino\/salud-infantil\/tratamiento-piojos\/\">productos para los piojos<\/a>\u00a0de manera preventiva antes de que aparezcan.<\/li>\n<\/ul>\n<ul>\n<li><strong>Moratones y Golpes:\u00a0<\/strong>Tu hijo ahora juega e interact\u00faa con otros ni\u00f1os, \u00a0lo normal es que al final acabe peg\u00e1ndose alg\u00fan que otro golpe sin importancia. Lleva siempre contigo <a title=\"stick antimoratones\" href=\"https:\/\/mimaos.com\/catalogo\/bebe-y-nino\/salud-infantil\/sticks-antimoratones\/\">stick antimoratones<\/a> para calmar el dolor y evitar\u00a0los moratones.<\/li>\n<\/ul>\n<p><a title=\"golpix\" href=\"https:\/\/mimaos.com\/producto\/fisiocrem-golpix-roll-on-15-ml-200-aplicaciones\/\"><img loading=\"lazy\" decoding=\"async\" class=\"alignnone wp-image-1934 size-full\" src=\"https:\/\/mimaos.com\/blog\/wp-content\/uploads\/2014\/09\/golpix.jpg\" alt=\"golpix\" width=\"338\" height=\"450\" srcset=\"https:\/\/mimaos.com\/blog\/wp-content\/uploads\/2014\/09\/golpix.jpg 338w, https:\/\/mimaos.com\/blog\/wp-content\/uploads\/2014\/09\/golpix-225x300.jpg 225w\" sizes=\"auto, (max-width: 338px) 100vw, 338px\" \/><\/a><br \/>\n<a title=\"arnidol para los golpes\" href=\"https:\/\/mimaos.com\/producto\/arnidol-gel-stick-15-ml\/\"><img loading=\"lazy\" decoding=\"async\" class=\"alignnone wp-image-1935 size-full\" src=\"https:\/\/mimaos.com\/blog\/wp-content\/uploads\/2014\/09\/arnidol.jpg\" alt=\"arnidol\" width=\"338\" height=\"450\" srcset=\"https:\/\/mimaos.com\/blog\/wp-content\/uploads\/2014\/09\/arnidol.jpg 338w, https:\/\/mimaos.com\/blog\/wp-content\/uploads\/2014\/09\/arnidol-225x300.jpg 225w\" sizes=\"auto, (max-width: 338px) 100vw, 338px\" \/><\/a><\/p>\n<p>&nbsp;<\/p>\n<ul>\n<li><strong>Vitaminas y complementos alimenticios<\/strong>: Sobre todo para algunos ni\u00f1os a los que el cambio de h\u00e1bitos les influye en la forma en la que comen. Los <a title=\"complementos alimenticios para ni\u00f1os\" href=\"https:\/\/mimaos.com\/catalogo\/bebe-y-nino\/alimentacion-infantil\/complementos-alimenticios-y-vitaminas\/\">complementos alimenticios<\/a> tienen multitud de formatos, desde jarabes, gominolas, gotas, batidos, etc. para adaptarse correctamente a los h\u00e1bitos de tu hijo.<\/li>\n<\/ul>\n<p>&nbsp;<\/p>\n<h3><span class=\"ez-toc-section\" id=\"%C2%A1Mucho-animo-a-las-mamas-y-a-los-pequenos-en-este-proceso\"><\/span>\u00a1Mucho \u00e1nimo a las mam\u00e1s y a los peque\u00f1os en este proceso!<span class=\"ez-toc-section-end\"><\/span><\/h3>\n","protected":false},"excerpt":{"rendered":"<p>Se terminan las vacaciones, empieza un nuevo curso para algunos ser\u00e1 un momento de encuentro con antiguos compa\u00f1eros.<\/p>\n","protected":false},"author":7,"featured_media":1933,"comment_status":"open","ping_status":"open","sticky":false,"template":"","format":"standard","meta":{"jetpack_post_was_ever_published":false,"_jetpack_newsletter_access":"","_jetpack_dont_email_post_to_subs":false,"_jetpack_newsletter_tier_id":0,"_jetpack_memberships_contains_paywalled_content":false,"_jetpack_memberships_contains_paid_content":false,"footnotes":"","jetpack_publicize_message":"","jetpack_publicize_feature_enabled":true,"jetpack_social_post_already_shared":false,"jetpack_social_options":{"image_generator_settings":{"template":"highway","default_image_id":0,"font":"","enabled":false},"version":2}},"categories":[190],"tags":[],"class_list":["post-1932","post","type-post","status-publish","format-standard","has-post-thumbnail","hentry","category-bebe-y-nino"],"jetpack_publicize_connections":[],"jetpack_featured_media_url":"https:\/\/mimaos.com\/blog\/wp-content\/uploads\/2014\/09\/periodo-de-adaptacion.jpg","jetpack-related-posts":[{"id":1713,"url":"https:\/\/mimaos.com\/blog\/cuidados-del-bebe\/","url_meta":{"origin":1932,"position":0},"title":"Primeros pasos para cuidar a tu beb\u00e9: alimentaci\u00f3n, higiene y descanso","author":"Lourdes Amat","date":"25 mayo, 2014","format":false,"excerpt":"Tener un beb\u00e9 es una de las experiencias \u00fanicas que nos ofrece la vida, pero a menudo los primeros meses provoca ansiedad, dudas e inseguridad en los padres, sobre todo primerizos que cuando llegan a casa con \u00e9l est\u00e1n totalmente perdidos. Debemos estar tranquilos y acudir al pediatra si tenemos\u2026","rel":"","context":"En \u00abBeb\u00e9 y ni\u00f1o\u00bb","block_context":{"text":"Beb\u00e9 y ni\u00f1o","link":"https:\/\/mimaos.com\/blog\/category\/bebe-y-nino\/"},"img":{"alt_text":"cuidados del beb\u00e9","src":"https:\/\/i0.wp.com\/mimaos.com\/blog\/wp-content\/uploads\/2014\/05\/cuidados-del-bebe.jpg?resize=350%2C200&ssl=1","width":350,"height":200,"srcset":"https:\/\/i0.wp.com\/mimaos.com\/blog\/wp-content\/uploads\/2014\/05\/cuidados-del-bebe.jpg?resize=350%2C200&ssl=1 1x, https:\/\/i0.wp.com\/mimaos.com\/blog\/wp-content\/uploads\/2014\/05\/cuidados-del-bebe.jpg?resize=525%2C300&ssl=1 1.5x"},"classes":[]},{"id":2928,"url":"https:\/\/mimaos.com\/blog\/las-mejores-cremas-para-la-cara-de-los-ninos\/","url_meta":{"origin":1932,"position":1},"title":"Las mejores cremas para la cara de los ni\u00f1os","author":"Santiago","date":"3 octubre, 2021","format":false,"excerpt":"Nuestra piel, especialmente la de la cara, pasa por diferentes etapas desde que nacemos, no es igual una crema para ni\u00f1os que una para adolescentes, adultos o pieles maduras. Hoy nos centraremos en las pieles sensibles de los m\u00e1s peque\u00f1os. \u00bfC\u00f3mo cuidar la piel de la cara de los ni\u00f1os?\u2026","rel":"","context":"En \u00abBeb\u00e9 y ni\u00f1o\u00bb","block_context":{"text":"Beb\u00e9 y ni\u00f1o","link":"https:\/\/mimaos.com\/blog\/category\/bebe-y-nino\/"},"img":{"alt_text":"","src":"https:\/\/i0.wp.com\/mimaos.com\/blog\/wp-content\/uploads\/2021\/09\/358820-11-768x1024.jpg?resize=350%2C200&ssl=1","width":350,"height":200},"classes":[]},{"id":2054,"url":"https:\/\/mimaos.com\/blog\/como-eliminar-los-piojos\/","url_meta":{"origin":1932,"position":2},"title":"\u00a1Piojos! \u00bfC\u00f3mo eliminarlos y prevenirlos?","author":"Lourdes Amat","date":"6 octubre, 2015","format":false,"excerpt":"Los piojos son pequ\u00e9\u00f1os par\u00e1sitos que se acomodan en nuestro cabello y porvocan una sensaci\u00f3n de picor muy molesta. La forma de transmisi\u00f3n es tan sencilla como mantener contacto con personas que los tengan, usar toallas, s\u00e1banas u otros utensilios que hayan sido usados por personas infectada. Por ello cuando\u2026","rel":"","context":"En \u00abBeb\u00e9 y ni\u00f1o\u00bb","block_context":{"text":"Beb\u00e9 y ni\u00f1o","link":"https:\/\/mimaos.com\/blog\/category\/bebe-y-nino\/"},"img":{"alt_text":"","src":"https:\/\/i0.wp.com\/mimaos.com\/blog\/wp-content\/uploads\/2015\/10\/Captura-de-pantalla-2015-10-06-a-las-9.42.59.png?resize=350%2C200&ssl=1","width":350,"height":200,"srcset":"https:\/\/i0.wp.com\/mimaos.com\/blog\/wp-content\/uploads\/2015\/10\/Captura-de-pantalla-2015-10-06-a-las-9.42.59.png?resize=350%2C200&ssl=1 1x, https:\/\/i0.wp.com\/mimaos.com\/blog\/wp-content\/uploads\/2015\/10\/Captura-de-pantalla-2015-10-06-a-las-9.42.59.png?resize=525%2C300&ssl=1 1.5x, https:\/\/i0.wp.com\/mimaos.com\/blog\/wp-content\/uploads\/2015\/10\/Captura-de-pantalla-2015-10-06-a-las-9.42.59.png?resize=700%2C400&ssl=1 2x, https:\/\/i0.wp.com\/mimaos.com\/blog\/wp-content\/uploads\/2015\/10\/Captura-de-pantalla-2015-10-06-a-las-9.42.59.png?resize=1050%2C600&ssl=1 3x, https:\/\/i0.wp.com\/mimaos.com\/blog\/wp-content\/uploads\/2015\/10\/Captura-de-pantalla-2015-10-06-a-las-9.42.59.png?resize=1400%2C800&ssl=1 4x"},"classes":[]},{"id":3437,"url":"https:\/\/mimaos.com\/blog\/salud-bucal-infantil-tips-esenciales-para-padres-y-ninos\/","url_meta":{"origin":1932,"position":3},"title":"Salud Bucal Infantil: Tips Esenciales para Padres y Ni\u00f1os","author":"Santiago","date":"4 septiembre, 2024","format":false,"excerpt":"Mantener una buena salud bucal infantil es crucial para el desarrollo general de los ni\u00f1os. La higiene oral adecuada no solo previene las caries y enfermedades periodontales, sino que tambi\u00e9n contribuye a una mejor salud general y autoestima. Aqu\u00ed te ofrecemos algunos consejos esenciales y respondemos a preguntas frecuentes para\u2026","rel":"","context":"En \u00abBeb\u00e9 y ni\u00f1o\u00bb","block_context":{"text":"Beb\u00e9 y ni\u00f1o","link":"https:\/\/mimaos.com\/blog\/category\/bebe-y-nino\/"},"img":{"alt_text":"","src":"https:\/\/i0.wp.com\/mimaos.com\/blog\/wp-content\/uploads\/2024\/07\/Imagenes-destacadas-blog.jpg?resize=350%2C200&ssl=1","width":350,"height":200,"srcset":"https:\/\/i0.wp.com\/mimaos.com\/blog\/wp-content\/uploads\/2024\/07\/Imagenes-destacadas-blog.jpg?resize=350%2C200&ssl=1 1x, https:\/\/i0.wp.com\/mimaos.com\/blog\/wp-content\/uploads\/2024\/07\/Imagenes-destacadas-blog.jpg?resize=525%2C300&ssl=1 1.5x, https:\/\/i0.wp.com\/mimaos.com\/blog\/wp-content\/uploads\/2024\/07\/Imagenes-destacadas-blog.jpg?resize=700%2C400&ssl=1 2x, https:\/\/i0.wp.com\/mimaos.com\/blog\/wp-content\/uploads\/2024\/07\/Imagenes-destacadas-blog.jpg?resize=1050%2C600&ssl=1 3x"},"classes":[]},{"id":3589,"url":"https:\/\/mimaos.com\/blog\/como-mejorar-la-salud-digestiva-de-los-ninos\/","url_meta":{"origin":1932,"position":4},"title":"C\u00f3mo mejorar la salud digestiva de los ni\u00f1os","author":"Santiago","date":"2 abril, 2025","format":false,"excerpt":"El sistema digestivo infantil es sensible y puede verse afectado por la alimentaci\u00f3n, el estr\u00e9s o cambios en la rutina. Si tu hijo presenta digesti\u00f3n pesada, hinchaz\u00f3n o estre\u00f1imiento, es importante elegir productos adecuados que favorezcan su bienestar y mejoren su salud digestiva. En este art\u00edculo descubrir\u00e1s cu\u00e1les son los\u2026","rel":"","context":"En \u00abBeb\u00e9 y ni\u00f1o\u00bb","block_context":{"text":"Beb\u00e9 y ni\u00f1o","link":"https:\/\/mimaos.com\/blog\/category\/bebe-y-nino\/"},"img":{"alt_text":"","src":"https:\/\/i0.wp.com\/mimaos.com\/blog\/wp-content\/uploads\/2025\/04\/Imagenes-destacadas-blog-salud-digestiva-ninos.jpg?resize=350%2C200&ssl=1","width":350,"height":200,"srcset":"https:\/\/i0.wp.com\/mimaos.com\/blog\/wp-content\/uploads\/2025\/04\/Imagenes-destacadas-blog-salud-digestiva-ninos.jpg?resize=350%2C200&ssl=1 1x, https:\/\/i0.wp.com\/mimaos.com\/blog\/wp-content\/uploads\/2025\/04\/Imagenes-destacadas-blog-salud-digestiva-ninos.jpg?resize=525%2C300&ssl=1 1.5x, https:\/\/i0.wp.com\/mimaos.com\/blog\/wp-content\/uploads\/2025\/04\/Imagenes-destacadas-blog-salud-digestiva-ninos.jpg?resize=700%2C400&ssl=1 2x, https:\/\/i0.wp.com\/mimaos.com\/blog\/wp-content\/uploads\/2025\/04\/Imagenes-destacadas-blog-salud-digestiva-ninos.jpg?resize=1050%2C600&ssl=1 3x"},"classes":[]},{"id":2971,"url":"https:\/\/mimaos.com\/blog\/las-mejores-pastas-de-dientes-del-mercado\/","url_meta":{"origin":1932,"position":5},"title":"Las mejores pastas de dientes del mercado","author":"Santiago","date":"3 enero, 2022","format":false,"excerpt":"En el mercado existen infinidad de pastas dent\u00edfricas que cubren todas las necesidades del usuario, tantas, que a veces es dif\u00edcil saber cu\u00e1l es la que necesitas. Te seleccionamos las pastas m\u00e1s indicadas seg\u00fan lo que necesites. Tipos de pastas de dientes: c\u00f3mo elegir el dent\u00edfrico adecuado a tus necesidades\u2026","rel":"","context":"En \u00abHigiene y salud\u00bb","block_context":{"text":"Higiene y salud","link":"https:\/\/mimaos.com\/blog\/category\/higiene-y-salud\/"},"img":{"alt_text":"","src":"https:\/\/i0.wp.com\/mimaos.com\/blog\/wp-content\/uploads\/2021\/12\/163860-1-768x1024.jpg?resize=350%2C200&ssl=1","width":350,"height":200},"classes":[]}],"jetpack_sharing_enabled":true,"_links":{"self":[{"href":"https:\/\/mimaos.com\/blog\/wp-json\/wp\/v2\/posts\/1932","targetHints":{"allow":["GET"]}}],"collection":[{"href":"https:\/\/mimaos.com\/blog\/wp-json\/wp\/v2\/posts"}],"about":[{"href":"https:\/\/mimaos.com\/blog\/wp-json\/wp\/v2\/types\/post"}],"author":[{"embeddable":true,"href":"https:\/\/mimaos.com\/blog\/wp-json\/wp\/v2\/users\/7"}],"replies":[{"embeddable":true,"href":"https:\/\/mimaos.com\/blog\/wp-json\/wp\/v2\/comments?post=1932"}],"version-history":[{"count":14,"href":"https:\/\/mimaos.com\/blog\/wp-json\/wp\/v2\/posts\/1932\/revisions"}],"predecessor-version":[{"id":2767,"href":"https:\/\/mimaos.com\/blog\/wp-json\/wp\/v2\/posts\/1932\/revisions\/2767"}],"wp:featuredmedia":[{"embeddable":true,"href":"https:\/\/mimaos.com\/blog\/wp-json\/wp\/v2\/media\/1933"}],"wp:attachment":[{"href":"https:\/\/mimaos.com\/blog\/wp-json\/wp\/v2\/media?parent=1932"}],"wp:term":[{"taxonomy":"category","embeddable":true,"href":"https:\/\/mimaos.com\/blog\/wp-json\/wp\/v2\/categories?post=1932"},{"taxonomy":"post_tag","embeddable":true,"href":"https:\/\/mimaos.com\/blog\/wp-json\/wp\/v2\/tags?post=1932"}],"curies":[{"name":"wp","href":"https:\/\/api.w.org\/{rel}","templated":true}]}}